{"id":3115,"date":"2026-01-14T19:52:16","date_gmt":"2026-01-14T19:52:16","guid":{"rendered":"https:\/\/szepsegesszenciakozmetika.hu\/?p=3115"},"modified":"2026-01-14T19:52:29","modified_gmt":"2026-01-14T19:52:29","slug":"tanfolyamok-es-tovabbkepzesek-melyek-az-elmult-evekben-reszt-vettem","status":"publish","type":"post","link":"https:\/\/szepsegesszenciakozmetika.hu\/index.php\/2026\/01\/14\/tanfolyamok-es-tovabbkepzesek-melyek-az-elmult-evekben-reszt-vettem\/","title":{"rendered":"Tanfolyamok \u00e9s tov\u00e1bbk\u00e9pz\u00e9sek, melyeken az elm\u00falt \u00e9vekben r\u00e9szt vettem"},"content":{"rendered":"\n<p><\/p>\n\n\n\n<p><\/p>\n\n\n\n<ul class=\"wp-block-list\">\n<li>2020. Biodroga Biosience\u00a0 Institute term\u00e9kcsal\u00e1d alapk\u00e9pz\u00e9s<\/li>\n\n\n\n<li>2020. Biodroga Medical Institute term\u00e9kcsal\u00e1d alapk\u00e9pz\u00e9s<\/li>\n\n\n\n<li>2021. Adrienne Feller Sz\u00e9ps\u00e9gterapeuta alapk\u00e9pz\u00e9s: Harmonenne, Vitalenne, Cleanenne kezel\u00e9sek \u00e9s massz\u00e1zs<\/li>\n\n\n\n<li>2021. Adrienn Feller Up&amp;Up massz\u00e1zstechnika (Face lifting, Anti-age)<\/li>\n\n\n\n<li>2022. Adrienn Feller Stimulenne ritu\u00e1l\u00e9 (Face lifting, Anti-age)<\/li>\n\n\n\n<li>2022. Adrienne Feller Minikezel\u00e9sek \u00e9s beilleszthet\u0151 technik\u00e1k<\/li>\n\n\n\n<li>2022. Panarom Aromaterapeuta alapk\u00e9pz\u00e9s<\/li>\n\n\n\n<li>2022. Panarom Aromater\u00e1pi\u00e1s testmassz\u00e1zs<\/li>\n\n\n\n<li>2022. Biodroga Medical Institute professzion\u00e1lis savas kezel\u00e9s \u00e9s mikrot\u0171s kezel\u00e9s<\/li>\n\n\n\n<li>2023. Biodroga V-lifiting arcszobr\u00e1szat (Face lifting, Anti-age)<\/li>\n\n\n\n<li>2023. Biodroga menopauza \u00e9s b\u0151r\u00e1pol\u00e1s<\/li>\n\n\n\n<li>2024. GuaSha arc- \u00e9s dekolt\u00e1zsmassz\u00e1zs<\/li>\n\n\n\n<li>2024. Biodroga Medical Institute sz\u00e9rumok<\/li>\n\n\n\n<li>2024. Biodroga &#8220;Jajj ne akne!&#8221; tanfolyam<\/li>\n\n\n\n<li>2024. Biodroga gy\u00e1rl\u00e1togat\u00e1s \u00e9s term\u00e9ktr\u00e9ning, Baden-Baden, N\u00e9metorsz\u00e1g<\/li>\n\n\n\n<li>2025. Mikrobium mesterkurzus:<ul><li>Miktob\u00e1k, mikrobiom, az ember \u00e9s bakt\u00e9rium k\u00f6z\u00f6ss\u00e9ge<\/li><\/ul><ul><li>B\u0151r diszbi\u00f3zis: akne, roseacea, at\u00f3pi\u00e1s dermatitis, pikkelys\u00f6m\u00f6r, ekc\u00e9ma<\/li><\/ul><ul><li>Akn\u00e9s b\u0151r mikrobiomj\u00e1nak v\u00e1ltoz\u00e1sa kozmetikai h\u00e1mlaszt\u00f3 kezel\u00e9s hat\u00e1s\u00e1ra. Esettanulm\u00e1ny.<\/li><\/ul><ul><li>Anti-aging \u00e9s mikrobiom<\/li><\/ul>\n<ul class=\"wp-block-list\">\n<li>B\u00e9l mikrobiom &#8211; b\u0151r-b\u00e9l-agy tengely&#8221;<\/li>\n<\/ul>\n<\/li>\n\n\n\n<li>2025. Vodder-f\u00e9le manu\u00e1lis nyirokdren\u00e1zs (arc modul)<\/li>\n\n\n\n<li>2025. Biodroga Organic\u00a0 Institute term\u00e9kcsal\u00e1d alapk\u00e9pz\u00e9s<\/li>\n\n\n\n<li>2025. Fascia arcmassz\u00e1zs technika<\/li>\n<\/ul>\n","protected":false},"excerpt":{"rendered":"","protected":false},"author":1,"featured_media":3089,"comment_status":"open","ping_status":"open","sticky":false,"template":"","format":"standard","meta":{"footnotes":""},"categories":[1],"tags":[],"class_list":["post-3115","post","type-post","status-publish","format-standard","has-post-thumbnail","hentry","category-uncategorized","entry","has-media"],"yoast_head":"<!-- This site is optimized with the Yoast SEO plugin v17.0 - https:\/\/yoast.com\/wordpress\/plugins\/seo\/ -->\n<title>Tanfolyamok \u00e9s tov\u00e1bbk\u00e9pz\u00e9sek, melyeken az elm\u00falt \u00e9vekben r\u00e9szt vettem - Sz\u00e9ps\u00e9gEsszencia Kozmetika<\/title>\n<meta name=\"robots\" content=\"index, follow, max-snippet:-1, max-image-preview:large, max-video-preview:-1\" \/>\n<link rel=\"canonical\" href=\"https:\/\/szepsegesszenciakozmetika.hu\/index.php\/2026\/01\/14\/tanfolyamok-es-tovabbkepzesek-melyek-az-elmult-evekben-reszt-vettem\/\" \/>\n<meta property=\"og:locale\" content=\"en_US\" \/>\n<meta property=\"og:type\" content=\"article\" \/>\n<meta property=\"og:title\" content=\"Tanfolyamok \u00e9s tov\u00e1bbk\u00e9pz\u00e9sek, melyeken az elm\u00falt \u00e9vekben r\u00e9szt vettem - Sz\u00e9ps\u00e9gEsszencia Kozmetika\" \/>\n<meta property=\"og:url\" content=\"https:\/\/szepsegesszenciakozmetika.hu\/index.php\/2026\/01\/14\/tanfolyamok-es-tovabbkepzesek-melyek-az-elmult-evekben-reszt-vettem\/\" \/>\n<meta property=\"og:site_name\" content=\"Sz\u00e9ps\u00e9gEsszencia Kozmetika\" \/>\n<meta property=\"article:published_time\" content=\"2026-01-14T19:52:16+00:00\" \/>\n<meta property=\"article:modified_time\" content=\"2026-01-14T19:52:29+00:00\" \/>\n<meta property=\"og:image\" content=\"https:\/\/szepsegesszenciakozmetika.hu\/wp-content\/uploads\/2026\/01\/Biodroga-Baden-Baden-2024.jpg\" \/>\n\t<meta property=\"og:image:width\" content=\"1964\" \/>\n\t<meta property=\"og:image:height\" content=\"2048\" \/>\n<meta name=\"twitter:card\" content=\"summary_large_image\" \/>\n<meta name=\"twitter:label1\" content=\"Written by\" \/>\n\t<meta name=\"twitter:data1\" content=\"Sz\u00e9ps\u00e9gEsszencia Kozmetika\" \/>\n\t<meta name=\"twitter:label2\" content=\"Est. reading time\" \/>\n\t<meta name=\"twitter:data2\" content=\"1 minute\" \/>\n<script type=\"application\/ld+json\" class=\"yoast-schema-graph\">{\"@context\":\"https:\/\/schema.org\",\"@graph\":[{\"@type\":\"WebSite\",\"@id\":\"https:\/\/szepsegesszenciakozmetika.hu\/#website\",\"url\":\"https:\/\/szepsegesszenciakozmetika.hu\/\",\"name\":\"Sz\\u00e9ps\\u00e9gEsszencia Kozmetika\",\"description\":\"Sz\\u00e9ps\\u00e9gEsszencia Kozmetika\",\"potentialAction\":[{\"@type\":\"SearchAction\",\"target\":{\"@type\":\"EntryPoint\",\"urlTemplate\":\"https:\/\/szepsegesszenciakozmetika.hu\/?s={search_term_string}\"},\"query-input\":\"required name=search_term_string\"}],\"inLanguage\":\"en-US\"},{\"@type\":\"ImageObject\",\"@id\":\"https:\/\/szepsegesszenciakozmetika.hu\/index.php\/2026\/01\/14\/tanfolyamok-es-tovabbkepzesek-melyek-az-elmult-evekben-reszt-vettem\/#primaryimage\",\"inLanguage\":\"en-US\",\"url\":\"https:\/\/szepsegesszenciakozmetika.hu\/wp-content\/uploads\/2026\/01\/Biodroga-Baden-Baden-2024.jpg\",\"contentUrl\":\"https:\/\/szepsegesszenciakozmetika.hu\/wp-content\/uploads\/2026\/01\/Biodroga-Baden-Baden-2024.jpg\",\"width\":1964,\"height\":2048},{\"@type\":\"WebPage\",\"@id\":\"https:\/\/szepsegesszenciakozmetika.hu\/index.php\/2026\/01\/14\/tanfolyamok-es-tovabbkepzesek-melyek-az-elmult-evekben-reszt-vettem\/#webpage\",\"url\":\"https:\/\/szepsegesszenciakozmetika.hu\/index.php\/2026\/01\/14\/tanfolyamok-es-tovabbkepzesek-melyek-az-elmult-evekben-reszt-vettem\/\",\"name\":\"Tanfolyamok \\u00e9s tov\\u00e1bbk\\u00e9pz\\u00e9sek, melyeken az elm\\u00falt \\u00e9vekben r\\u00e9szt vettem - Sz\\u00e9ps\\u00e9gEsszencia Kozmetika\",\"isPartOf\":{\"@id\":\"https:\/\/szepsegesszenciakozmetika.hu\/#website\"},\"primaryImageOfPage\":{\"@id\":\"https:\/\/szepsegesszenciakozmetika.hu\/index.php\/2026\/01\/14\/tanfolyamok-es-tovabbkepzesek-melyek-az-elmult-evekben-reszt-vettem\/#primaryimage\"},\"datePublished\":\"2026-01-14T19:52:16+00:00\",\"dateModified\":\"2026-01-14T19:52:29+00:00\",\"author\":{\"@id\":\"https:\/\/szepsegesszenciakozmetika.hu\/#\/schema\/person\/9fab83c855f79f70af074fd23aee8b61\"},\"breadcrumb\":{\"@id\":\"https:\/\/szepsegesszenciakozmetika.hu\/index.php\/2026\/01\/14\/tanfolyamok-es-tovabbkepzesek-melyek-az-elmult-evekben-reszt-vettem\/#breadcrumb\"},\"inLanguage\":\"en-US\",\"potentialAction\":[{\"@type\":\"ReadAction\",\"target\":[\"https:\/\/szepsegesszenciakozmetika.hu\/index.php\/2026\/01\/14\/tanfolyamok-es-tovabbkepzesek-melyek-az-elmult-evekben-reszt-vettem\/\"]}]},{\"@type\":\"BreadcrumbList\",\"@id\":\"https:\/\/szepsegesszenciakozmetika.hu\/index.php\/2026\/01\/14\/tanfolyamok-es-tovabbkepzesek-melyek-az-elmult-evekben-reszt-vettem\/#breadcrumb\",\"itemListElement\":[{\"@type\":\"ListItem\",\"position\":1,\"name\":\"Home\",\"item\":\"https:\/\/szepsegesszenciakozmetika.hu\/\"},{\"@type\":\"ListItem\",\"position\":2,\"name\":\"Tanfolyamok \\u00e9s tov\\u00e1bbk\\u00e9pz\\u00e9sek, melyeken az elm\\u00falt \\u00e9vekben r\\u00e9szt vettem\"}]},{\"@type\":\"Person\",\"@id\":\"https:\/\/szepsegesszenciakozmetika.hu\/#\/schema\/person\/9fab83c855f79f70af074fd23aee8b61\",\"name\":\"Sz\\u00e9ps\\u00e9gEsszencia Kozmetika\",\"image\":{\"@type\":\"ImageObject\",\"@id\":\"https:\/\/szepsegesszenciakozmetika.hu\/#personlogo\",\"inLanguage\":\"en-US\",\"url\":\"https:\/\/secure.gravatar.com\/avatar\/b6fb204631f38a2b370b28bc02ac2601d34a21c771512dd83e95649ff65440f5?s=96&d=mm&r=g\",\"contentUrl\":\"https:\/\/secure.gravatar.com\/avatar\/b6fb204631f38a2b370b28bc02ac2601d34a21c771512dd83e95649ff65440f5?s=96&d=mm&r=g\",\"caption\":\"Sz\\u00e9ps\\u00e9gEsszencia Kozmetika\"},\"sameAs\":[\"https:\/\/szepsegesszenciakozmetika.hu\"],\"url\":\"https:\/\/szepsegesszenciakozmetika.hu\/index.php\/author\/harmoniakozmetika-hu\/\"}]}<\/script>\n<!-- \/ Yoast SEO plugin. -->","yoast_head_json":{"title":"Tanfolyamok \u00e9s tov\u00e1bbk\u00e9pz\u00e9sek, melyeken az elm\u00falt \u00e9vekben r\u00e9szt vettem - Sz\u00e9ps\u00e9gEsszencia Kozmetika","robots":{"index":"index","follow":"follow","max-snippet":"max-snippet:-1","max-image-preview":"max-image-preview:large","max-video-preview":"max-video-preview:-1"},"canonical":"https:\/\/szepsegesszenciakozmetika.hu\/index.php\/2026\/01\/14\/tanfolyamok-es-tovabbkepzesek-melyek-az-elmult-evekben-reszt-vettem\/","og_locale":"en_US","og_type":"article","og_title":"Tanfolyamok \u00e9s tov\u00e1bbk\u00e9pz\u00e9sek, melyeken az elm\u00falt \u00e9vekben r\u00e9szt vettem - Sz\u00e9ps\u00e9gEsszencia Kozmetika","og_url":"https:\/\/szepsegesszenciakozmetika.hu\/index.php\/2026\/01\/14\/tanfolyamok-es-tovabbkepzesek-melyek-az-elmult-evekben-reszt-vettem\/","og_site_name":"Sz\u00e9ps\u00e9gEsszencia Kozmetika","article_published_time":"2026-01-14T19:52:16+00:00","article_modified_time":"2026-01-14T19:52:29+00:00","og_image":[{"width":1964,"height":2048,"filesize":585775,"url":"https:\/\/szepsegesszenciakozmetika.hu\/wp-content\/uploads\/2026\/01\/Biodroga-Baden-Baden-2024.jpg","path":"\/var\/www\/web\/clients\/client57\/web412\/web\/wp-content\/uploads\/2026\/01\/Biodroga-Baden-Baden-2024.jpg","size":"full","id":3089,"alt":"","pixels":4022272,"type":"image\/jpeg"}],"twitter_card":"summary_large_image","twitter_misc":{"Written by":"Sz\u00e9ps\u00e9gEsszencia Kozmetika","Est. reading time":"1 minute"},"schema":{"@context":"https:\/\/schema.org","@graph":[{"@type":"WebSite","@id":"https:\/\/szepsegesszenciakozmetika.hu\/#website","url":"https:\/\/szepsegesszenciakozmetika.hu\/","name":"Sz\u00e9ps\u00e9gEsszencia Kozmetika","description":"Sz\u00e9ps\u00e9gEsszencia Kozmetika","potentialAction":[{"@type":"SearchAction","target":{"@type":"EntryPoint","urlTemplate":"https:\/\/szepsegesszenciakozmetika.hu\/?s={search_term_string}"},"query-input":"required name=search_term_string"}],"inLanguage":"en-US"},{"@type":"ImageObject","@id":"https:\/\/szepsegesszenciakozmetika.hu\/index.php\/2026\/01\/14\/tanfolyamok-es-tovabbkepzesek-melyek-az-elmult-evekben-reszt-vettem\/#primaryimage","inLanguage":"en-US","url":"https:\/\/szepsegesszenciakozmetika.hu\/wp-content\/uploads\/2026\/01\/Biodroga-Baden-Baden-2024.jpg","contentUrl":"https:\/\/szepsegesszenciakozmetika.hu\/wp-content\/uploads\/2026\/01\/Biodroga-Baden-Baden-2024.jpg","width":1964,"height":2048},{"@type":"WebPage","@id":"https:\/\/szepsegesszenciakozmetika.hu\/index.php\/2026\/01\/14\/tanfolyamok-es-tovabbkepzesek-melyek-az-elmult-evekben-reszt-vettem\/#webpage","url":"https:\/\/szepsegesszenciakozmetika.hu\/index.php\/2026\/01\/14\/tanfolyamok-es-tovabbkepzesek-melyek-az-elmult-evekben-reszt-vettem\/","name":"Tanfolyamok \u00e9s tov\u00e1bbk\u00e9pz\u00e9sek, melyeken az elm\u00falt \u00e9vekben r\u00e9szt vettem - Sz\u00e9ps\u00e9gEsszencia Kozmetika","isPartOf":{"@id":"https:\/\/szepsegesszenciakozmetika.hu\/#website"},"primaryImageOfPage":{"@id":"https:\/\/szepsegesszenciakozmetika.hu\/index.php\/2026\/01\/14\/tanfolyamok-es-tovabbkepzesek-melyek-az-elmult-evekben-reszt-vettem\/#primaryimage"},"datePublished":"2026-01-14T19:52:16+00:00","dateModified":"2026-01-14T19:52:29+00:00","author":{"@id":"https:\/\/szepsegesszenciakozmetika.hu\/#\/schema\/person\/9fab83c855f79f70af074fd23aee8b61"},"breadcrumb":{"@id":"https:\/\/szepsegesszenciakozmetika.hu\/index.php\/2026\/01\/14\/tanfolyamok-es-tovabbkepzesek-melyek-az-elmult-evekben-reszt-vettem\/#breadcrumb"},"inLanguage":"en-US","potentialAction":[{"@type":"ReadAction","target":["https:\/\/szepsegesszenciakozmetika.hu\/index.php\/2026\/01\/14\/tanfolyamok-es-tovabbkepzesek-melyek-az-elmult-evekben-reszt-vettem\/"]}]},{"@type":"BreadcrumbList","@id":"https:\/\/szepsegesszenciakozmetika.hu\/index.php\/2026\/01\/14\/tanfolyamok-es-tovabbkepzesek-melyek-az-elmult-evekben-reszt-vettem\/#breadcrumb","itemListElement":[{"@type":"ListItem","position":1,"name":"Home","item":"https:\/\/szepsegesszenciakozmetika.hu\/"},{"@type":"ListItem","position":2,"name":"Tanfolyamok \u00e9s tov\u00e1bbk\u00e9pz\u00e9sek, melyeken az elm\u00falt \u00e9vekben r\u00e9szt vettem"}]},{"@type":"Person","@id":"https:\/\/szepsegesszenciakozmetika.hu\/#\/schema\/person\/9fab83c855f79f70af074fd23aee8b61","name":"Sz\u00e9ps\u00e9gEsszencia Kozmetika","image":{"@type":"ImageObject","@id":"https:\/\/szepsegesszenciakozmetika.hu\/#personlogo","inLanguage":"en-US","url":"https:\/\/secure.gravatar.com\/avatar\/b6fb204631f38a2b370b28bc02ac2601d34a21c771512dd83e95649ff65440f5?s=96&d=mm&r=g","contentUrl":"https:\/\/secure.gravatar.com\/avatar\/b6fb204631f38a2b370b28bc02ac2601d34a21c771512dd83e95649ff65440f5?s=96&d=mm&r=g","caption":"Sz\u00e9ps\u00e9gEsszencia Kozmetika"},"sameAs":["https:\/\/szepsegesszenciakozmetika.hu"],"url":"https:\/\/szepsegesszenciakozmetika.hu\/index.php\/author\/harmoniakozmetika-hu\/"}]}},"_links":{"self":[{"href":"https:\/\/szepsegesszenciakozmetika.hu\/index.php\/wp-json\/wp\/v2\/posts\/3115","targetHints":{"allow":["GET"]}}],"collection":[{"href":"https:\/\/szepsegesszenciakozmetika.hu\/index.php\/wp-json\/wp\/v2\/posts"}],"about":[{"href":"https:\/\/szepsegesszenciakozmetika.hu\/index.php\/wp-json\/wp\/v2\/types\/post"}],"author":[{"embeddable":true,"href":"https:\/\/szepsegesszenciakozmetika.hu\/index.php\/wp-json\/wp\/v2\/users\/1"}],"replies":[{"embeddable":true,"href":"https:\/\/szepsegesszenciakozmetika.hu\/index.php\/wp-json\/wp\/v2\/comments?post=3115"}],"version-history":[{"count":2,"href":"https:\/\/szepsegesszenciakozmetika.hu\/index.php\/wp-json\/wp\/v2\/posts\/3115\/revisions"}],"predecessor-version":[{"id":3118,"href":"https:\/\/szepsegesszenciakozmetika.hu\/index.php\/wp-json\/wp\/v2\/posts\/3115\/revisions\/3118"}],"wp:featuredmedia":[{"embeddable":true,"href":"https:\/\/szepsegesszenciakozmetika.hu\/index.php\/wp-json\/wp\/v2\/media\/3089"}],"wp:attachment":[{"href":"https:\/\/szepsegesszenciakozmetika.hu\/index.php\/wp-json\/wp\/v2\/media?parent=3115"}],"wp:term":[{"taxonomy":"category","embeddable":true,"href":"https:\/\/szepsegesszenciakozmetika.hu\/index.php\/wp-json\/wp\/v2\/categories?post=3115"},{"taxonomy":"post_tag","embeddable":true,"href":"https:\/\/szepsegesszenciakozmetika.hu\/index.php\/wp-json\/wp\/v2\/tags?post=3115"}],"curies":[{"name":"wp","href":"https:\/\/api.w.org\/{rel}","templated":true}]}}