{"id":3064,"date":"2025-08-27T12:35:58","date_gmt":"2025-08-27T12:35:58","guid":{"rendered":"https:\/\/szepsegesszenciakozmetika.hu\/?p=3064"},"modified":"2025-08-27T12:35:59","modified_gmt":"2025-08-27T12:35:59","slug":"nehany-pelda-ami-nem-szamit-arctisztitasnak-vagy-nem-megfelelo-arctisztitas","status":"publish","type":"post","link":"https:\/\/szepsegesszenciakozmetika.hu\/index.php\/2025\/08\/27\/nehany-pelda-ami-nem-szamit-arctisztitasnak-vagy-nem-megfelelo-arctisztitas\/","title":{"rendered":"N\u00e9h\u00e1ny p\u00e9lda, ami nem sz\u00e1m\u00edt arctiszt\u00edt\u00e1snak, vagy nem megfelel\u0151 arctiszt\u00edt\u00e1s:"},"content":{"rendered":"\n<ol class=\"wp-block-list\">\n<li>Este csak v\u00edzzel arcot mosni \u2013 a v\u00edz \u00f6nmag\u00e1ban nem tud megfelel\u0151en tiszt\u00edtani este<\/li>\n\n\n\n<li>Csak micell\u00e1s v\u00edzzel \u00e1titatott vattakoronggal \u00e1tt\u00f6r\u00f6lni az arcot \u2013 ha m\u00e1r micell\u00e1s vizet haszn\u00e1lunk, akkor azt alaposan v\u00edzzel \u00f6bl\u00edts\u00fck le<\/li>\n\n\n\n<li>Habz\u00f3 tiszt\u00edt\u00f3k \u2013 \u00e1ltal\u00e1noss\u00e1gban a habz\u00f3 tiszt\u00edt\u00f3k agressz\u00edvebb tiszt\u00edt\u00f3 hat\u00f3anyagokat tartalmaznak, ez\u00e9rt nem aj\u00e1nlott csak nagyon ritka esetben (pl. val\u00f3di olajos b\u0151r\u00f6kn\u00e9l)<\/li>\n\n\n\n<li>Szappan \u2013 nem aj\u00e1nlott, \u00e1ltal\u00e1ban t\u00falsz\u00e1r\u00edtja a b\u0151rt<\/li>\n\n\n\n<li>Arcrad\u00edr \u2013 az arcrad\u00edrt tiszt\u00edt\u00e1s ut\u00e1n haszn\u00e1ljuk, elt\u00e1vol\u00edtjuk vel\u00fck az elhalt h\u00e1msejtek egy r\u00e9sz\u00e9t, hasznos \u00e9s javasolt is sok esetben \u00e1ltal\u00e1ban heti 1x, de nem helyettes\u00edti a tiszt\u00edt\u00e1st \u00e9s napi haszn\u00e1latra sem javasolt<\/li>\n\n\n\n<li>Tonik \u2013 ahogy az arcrad\u00edrt, a tonikot is tiszt\u00edt\u00e1s ut\u00e1n haszn\u00e1ljuk, a funkci\u00f3ja a tiszt\u00edt\u00e1s ut\u00e1n esetleg b\u0151r\u00f6n maradt smink vagy szennyez\u0151d\u00e9s maradv\u00e1ny elt\u00e1vol\u00edt\u00e1s, hidrat\u00e1l\u00e1s, b\u0151r pH t\u00e1mogat\u00e1s stb, de nem helyettes\u00edti a tiszt\u00edt\u00f3kat<\/li>\n\n\n\n<li>Csak reggel arcot mosni tiszt\u00edt\u00f3 kozmetikummal \u2013 alapvet\u0151en el\u00e9g napi egyszer arcot mosni tiszt\u00edt\u00f3 kozmetikummal, csak ez mindig este, a nap v\u00e9g\u00e9n legyen!<\/li>\n<\/ol>\n\n\n\n<p>Ha m\u00e9g nincs kozmetikusod, vagy \u00fagy \u00e9rzed szeretn\u00e9l jav\u00edtani az otthoni b\u0151r\u00e1pol\u00e1si rutinodon, fordulj hozz\u00e1m bizalommal!<\/p>\n\n\n\n<p>Krisztina<\/p>\n","protected":false},"excerpt":{"rendered":"<p>Ha m\u00e9g nincs kozmetikusod, vagy \u00fagy \u00e9rzed szeretn\u00e9l jav\u00edtani az otthoni b\u0151r\u00e1pol\u00e1si rutinodon, fordulj hozz\u00e1m bizalommal! Krisztina<\/p>\n","protected":false},"author":1,"featured_media":2689,"comment_status":"open","ping_status":"open","sticky":false,"template":"","format":"standard","meta":{"footnotes":""},"categories":[1],"tags":[],"class_list":["post-3064","post","type-post","status-publish","format-standard","has-post-thumbnail","hentry","category-uncategorized","entry","has-media"],"yoast_head":"<!-- This site is optimized with the Yoast SEO plugin v17.0 - https:\/\/yoast.com\/wordpress\/plugins\/seo\/ -->\n<title>N\u00e9h\u00e1ny p\u00e9lda, ami nem sz\u00e1m\u00edt arctiszt\u00edt\u00e1snak, vagy nem megfelel\u0151 arctiszt\u00edt\u00e1s: - Sz\u00e9ps\u00e9gEsszencia Kozmetika<\/title>\n<meta name=\"robots\" content=\"index, follow, max-snippet:-1, max-image-preview:large, max-video-preview:-1\" \/>\n<link rel=\"canonical\" href=\"https:\/\/szepsegesszenciakozmetika.hu\/index.php\/2025\/08\/27\/nehany-pelda-ami-nem-szamit-arctisztitasnak-vagy-nem-megfelelo-arctisztitas\/\" \/>\n<meta property=\"og:locale\" content=\"en_US\" \/>\n<meta property=\"og:type\" content=\"article\" \/>\n<meta property=\"og:title\" content=\"N\u00e9h\u00e1ny p\u00e9lda, ami nem sz\u00e1m\u00edt arctiszt\u00edt\u00e1snak, vagy nem megfelel\u0151 arctiszt\u00edt\u00e1s: - Sz\u00e9ps\u00e9gEsszencia Kozmetika\" \/>\n<meta property=\"og:description\" content=\"Ha m\u00e9g nincs kozmetikusod, vagy \u00fagy \u00e9rzed szeretn\u00e9l jav\u00edtani az otthoni b\u0151r\u00e1pol\u00e1si rutinodon, fordulj hozz\u00e1m bizalommal! Krisztina\" \/>\n<meta property=\"og:url\" content=\"https:\/\/szepsegesszenciakozmetika.hu\/index.php\/2025\/08\/27\/nehany-pelda-ami-nem-szamit-arctisztitasnak-vagy-nem-megfelelo-arctisztitas\/\" \/>\n<meta property=\"og:site_name\" content=\"Sz\u00e9ps\u00e9gEsszencia Kozmetika\" \/>\n<meta property=\"article:published_time\" content=\"2025-08-27T12:35:58+00:00\" \/>\n<meta property=\"article:modified_time\" content=\"2025-08-27T12:35:59+00:00\" \/>\n<meta property=\"og:image\" content=\"https:\/\/szepsegesszenciakozmetika.hu\/wp-content\/uploads\/2025\/02\/BO_Nina_Vorhang_04-06-24-2864.jpg\" \/>\n\t<meta property=\"og:image:width\" content=\"1981\" \/>\n\t<meta property=\"og:image:height\" content=\"1321\" \/>\n<meta name=\"twitter:card\" content=\"summary_large_image\" \/>\n<meta name=\"twitter:label1\" content=\"Written by\" \/>\n\t<meta name=\"twitter:data1\" content=\"Sz\u00e9ps\u00e9gEsszencia Kozmetika\" \/>\n\t<meta name=\"twitter:label2\" content=\"Est. reading time\" \/>\n\t<meta name=\"twitter:data2\" content=\"1 minute\" \/>\n<script type=\"application\/ld+json\" class=\"yoast-schema-graph\">{\"@context\":\"https:\/\/schema.org\",\"@graph\":[{\"@type\":\"WebSite\",\"@id\":\"https:\/\/szepsegesszenciakozmetika.hu\/#website\",\"url\":\"https:\/\/szepsegesszenciakozmetika.hu\/\",\"name\":\"Sz\\u00e9ps\\u00e9gEsszencia Kozmetika\",\"description\":\"Sz\\u00e9ps\\u00e9gEsszencia Kozmetika\",\"potentialAction\":[{\"@type\":\"SearchAction\",\"target\":{\"@type\":\"EntryPoint\",\"urlTemplate\":\"https:\/\/szepsegesszenciakozmetika.hu\/?s={search_term_string}\"},\"query-input\":\"required name=search_term_string\"}],\"inLanguage\":\"en-US\"},{\"@type\":\"ImageObject\",\"@id\":\"https:\/\/szepsegesszenciakozmetika.hu\/index.php\/2025\/08\/27\/nehany-pelda-ami-nem-szamit-arctisztitasnak-vagy-nem-megfelelo-arctisztitas\/#primaryimage\",\"inLanguage\":\"en-US\",\"url\":\"https:\/\/szepsegesszenciakozmetika.hu\/wp-content\/uploads\/2025\/02\/BO_Nina_Vorhang_04-06-24-2864.jpg\",\"contentUrl\":\"https:\/\/szepsegesszenciakozmetika.hu\/wp-content\/uploads\/2025\/02\/BO_Nina_Vorhang_04-06-24-2864.jpg\",\"width\":1981,\"height\":1321},{\"@type\":\"WebPage\",\"@id\":\"https:\/\/szepsegesszenciakozmetika.hu\/index.php\/2025\/08\/27\/nehany-pelda-ami-nem-szamit-arctisztitasnak-vagy-nem-megfelelo-arctisztitas\/#webpage\",\"url\":\"https:\/\/szepsegesszenciakozmetika.hu\/index.php\/2025\/08\/27\/nehany-pelda-ami-nem-szamit-arctisztitasnak-vagy-nem-megfelelo-arctisztitas\/\",\"name\":\"N\\u00e9h\\u00e1ny p\\u00e9lda, ami nem sz\\u00e1m\\u00edt arctiszt\\u00edt\\u00e1snak, vagy nem megfelel\\u0151 arctiszt\\u00edt\\u00e1s: - Sz\\u00e9ps\\u00e9gEsszencia Kozmetika\",\"isPartOf\":{\"@id\":\"https:\/\/szepsegesszenciakozmetika.hu\/#website\"},\"primaryImageOfPage\":{\"@id\":\"https:\/\/szepsegesszenciakozmetika.hu\/index.php\/2025\/08\/27\/nehany-pelda-ami-nem-szamit-arctisztitasnak-vagy-nem-megfelelo-arctisztitas\/#primaryimage\"},\"datePublished\":\"2025-08-27T12:35:58+00:00\",\"dateModified\":\"2025-08-27T12:35:59+00:00\",\"author\":{\"@id\":\"https:\/\/szepsegesszenciakozmetika.hu\/#\/schema\/person\/9fab83c855f79f70af074fd23aee8b61\"},\"breadcrumb\":{\"@id\":\"https:\/\/szepsegesszenciakozmetika.hu\/index.php\/2025\/08\/27\/nehany-pelda-ami-nem-szamit-arctisztitasnak-vagy-nem-megfelelo-arctisztitas\/#breadcrumb\"},\"inLanguage\":\"en-US\",\"potentialAction\":[{\"@type\":\"ReadAction\",\"target\":[\"https:\/\/szepsegesszenciakozmetika.hu\/index.php\/2025\/08\/27\/nehany-pelda-ami-nem-szamit-arctisztitasnak-vagy-nem-megfelelo-arctisztitas\/\"]}]},{\"@type\":\"BreadcrumbList\",\"@id\":\"https:\/\/szepsegesszenciakozmetika.hu\/index.php\/2025\/08\/27\/nehany-pelda-ami-nem-szamit-arctisztitasnak-vagy-nem-megfelelo-arctisztitas\/#breadcrumb\",\"itemListElement\":[{\"@type\":\"ListItem\",\"position\":1,\"name\":\"Home\",\"item\":\"https:\/\/szepsegesszenciakozmetika.hu\/\"},{\"@type\":\"ListItem\",\"position\":2,\"name\":\"N\\u00e9h\\u00e1ny p\\u00e9lda, ami nem sz\\u00e1m\\u00edt arctiszt\\u00edt\\u00e1snak, vagy nem megfelel\\u0151 arctiszt\\u00edt\\u00e1s:\"}]},{\"@type\":\"Person\",\"@id\":\"https:\/\/szepsegesszenciakozmetika.hu\/#\/schema\/person\/9fab83c855f79f70af074fd23aee8b61\",\"name\":\"Sz\\u00e9ps\\u00e9gEsszencia Kozmetika\",\"image\":{\"@type\":\"ImageObject\",\"@id\":\"https:\/\/szepsegesszenciakozmetika.hu\/#personlogo\",\"inLanguage\":\"en-US\",\"url\":\"https:\/\/secure.gravatar.com\/avatar\/b6fb204631f38a2b370b28bc02ac2601d34a21c771512dd83e95649ff65440f5?s=96&d=mm&r=g\",\"contentUrl\":\"https:\/\/secure.gravatar.com\/avatar\/b6fb204631f38a2b370b28bc02ac2601d34a21c771512dd83e95649ff65440f5?s=96&d=mm&r=g\",\"caption\":\"Sz\\u00e9ps\\u00e9gEsszencia Kozmetika\"},\"sameAs\":[\"https:\/\/szepsegesszenciakozmetika.hu\"],\"url\":\"https:\/\/szepsegesszenciakozmetika.hu\/index.php\/author\/harmoniakozmetika-hu\/\"}]}<\/script>\n<!-- \/ Yoast SEO plugin. -->","yoast_head_json":{"title":"N\u00e9h\u00e1ny p\u00e9lda, ami nem sz\u00e1m\u00edt arctiszt\u00edt\u00e1snak, vagy nem megfelel\u0151 arctiszt\u00edt\u00e1s: - Sz\u00e9ps\u00e9gEsszencia Kozmetika","robots":{"index":"index","follow":"follow","max-snippet":"max-snippet:-1","max-image-preview":"max-image-preview:large","max-video-preview":"max-video-preview:-1"},"canonical":"https:\/\/szepsegesszenciakozmetika.hu\/index.php\/2025\/08\/27\/nehany-pelda-ami-nem-szamit-arctisztitasnak-vagy-nem-megfelelo-arctisztitas\/","og_locale":"en_US","og_type":"article","og_title":"N\u00e9h\u00e1ny p\u00e9lda, ami nem sz\u00e1m\u00edt arctiszt\u00edt\u00e1snak, vagy nem megfelel\u0151 arctiszt\u00edt\u00e1s: - Sz\u00e9ps\u00e9gEsszencia Kozmetika","og_description":"Ha m\u00e9g nincs kozmetikusod, vagy \u00fagy \u00e9rzed szeretn\u00e9l jav\u00edtani az otthoni b\u0151r\u00e1pol\u00e1si rutinodon, fordulj hozz\u00e1m bizalommal! Krisztina","og_url":"https:\/\/szepsegesszenciakozmetika.hu\/index.php\/2025\/08\/27\/nehany-pelda-ami-nem-szamit-arctisztitasnak-vagy-nem-megfelelo-arctisztitas\/","og_site_name":"Sz\u00e9ps\u00e9gEsszencia Kozmetika","article_published_time":"2025-08-27T12:35:58+00:00","article_modified_time":"2025-08-27T12:35:59+00:00","og_image":[{"width":1981,"height":1321,"filesize":1323648,"url":"https:\/\/szepsegesszenciakozmetika.hu\/wp-content\/uploads\/2025\/02\/BO_Nina_Vorhang_04-06-24-2864.jpg","path":"\/var\/www\/web\/clients\/client57\/web412\/web\/wp-content\/uploads\/2025\/02\/BO_Nina_Vorhang_04-06-24-2864.jpg","size":"full","id":2689,"alt":"","pixels":2616901,"type":"image\/jpeg"}],"twitter_card":"summary_large_image","twitter_misc":{"Written by":"Sz\u00e9ps\u00e9gEsszencia Kozmetika","Est. reading time":"1 minute"},"schema":{"@context":"https:\/\/schema.org","@graph":[{"@type":"WebSite","@id":"https:\/\/szepsegesszenciakozmetika.hu\/#website","url":"https:\/\/szepsegesszenciakozmetika.hu\/","name":"Sz\u00e9ps\u00e9gEsszencia Kozmetika","description":"Sz\u00e9ps\u00e9gEsszencia Kozmetika","potentialAction":[{"@type":"SearchAction","target":{"@type":"EntryPoint","urlTemplate":"https:\/\/szepsegesszenciakozmetika.hu\/?s={search_term_string}"},"query-input":"required name=search_term_string"}],"inLanguage":"en-US"},{"@type":"ImageObject","@id":"https:\/\/szepsegesszenciakozmetika.hu\/index.php\/2025\/08\/27\/nehany-pelda-ami-nem-szamit-arctisztitasnak-vagy-nem-megfelelo-arctisztitas\/#primaryimage","inLanguage":"en-US","url":"https:\/\/szepsegesszenciakozmetika.hu\/wp-content\/uploads\/2025\/02\/BO_Nina_Vorhang_04-06-24-2864.jpg","contentUrl":"https:\/\/szepsegesszenciakozmetika.hu\/wp-content\/uploads\/2025\/02\/BO_Nina_Vorhang_04-06-24-2864.jpg","width":1981,"height":1321},{"@type":"WebPage","@id":"https:\/\/szepsegesszenciakozmetika.hu\/index.php\/2025\/08\/27\/nehany-pelda-ami-nem-szamit-arctisztitasnak-vagy-nem-megfelelo-arctisztitas\/#webpage","url":"https:\/\/szepsegesszenciakozmetika.hu\/index.php\/2025\/08\/27\/nehany-pelda-ami-nem-szamit-arctisztitasnak-vagy-nem-megfelelo-arctisztitas\/","name":"N\u00e9h\u00e1ny p\u00e9lda, ami nem sz\u00e1m\u00edt arctiszt\u00edt\u00e1snak, vagy nem megfelel\u0151 arctiszt\u00edt\u00e1s: - Sz\u00e9ps\u00e9gEsszencia Kozmetika","isPartOf":{"@id":"https:\/\/szepsegesszenciakozmetika.hu\/#website"},"primaryImageOfPage":{"@id":"https:\/\/szepsegesszenciakozmetika.hu\/index.php\/2025\/08\/27\/nehany-pelda-ami-nem-szamit-arctisztitasnak-vagy-nem-megfelelo-arctisztitas\/#primaryimage"},"datePublished":"2025-08-27T12:35:58+00:00","dateModified":"2025-08-27T12:35:59+00:00","author":{"@id":"https:\/\/szepsegesszenciakozmetika.hu\/#\/schema\/person\/9fab83c855f79f70af074fd23aee8b61"},"breadcrumb":{"@id":"https:\/\/szepsegesszenciakozmetika.hu\/index.php\/2025\/08\/27\/nehany-pelda-ami-nem-szamit-arctisztitasnak-vagy-nem-megfelelo-arctisztitas\/#breadcrumb"},"inLanguage":"en-US","potentialAction":[{"@type":"ReadAction","target":["https:\/\/szepsegesszenciakozmetika.hu\/index.php\/2025\/08\/27\/nehany-pelda-ami-nem-szamit-arctisztitasnak-vagy-nem-megfelelo-arctisztitas\/"]}]},{"@type":"BreadcrumbList","@id":"https:\/\/szepsegesszenciakozmetika.hu\/index.php\/2025\/08\/27\/nehany-pelda-ami-nem-szamit-arctisztitasnak-vagy-nem-megfelelo-arctisztitas\/#breadcrumb","itemListElement":[{"@type":"ListItem","position":1,"name":"Home","item":"https:\/\/szepsegesszenciakozmetika.hu\/"},{"@type":"ListItem","position":2,"name":"N\u00e9h\u00e1ny p\u00e9lda, ami nem sz\u00e1m\u00edt arctiszt\u00edt\u00e1snak, vagy nem megfelel\u0151 arctiszt\u00edt\u00e1s:"}]},{"@type":"Person","@id":"https:\/\/szepsegesszenciakozmetika.hu\/#\/schema\/person\/9fab83c855f79f70af074fd23aee8b61","name":"Sz\u00e9ps\u00e9gEsszencia Kozmetika","image":{"@type":"ImageObject","@id":"https:\/\/szepsegesszenciakozmetika.hu\/#personlogo","inLanguage":"en-US","url":"https:\/\/secure.gravatar.com\/avatar\/b6fb204631f38a2b370b28bc02ac2601d34a21c771512dd83e95649ff65440f5?s=96&d=mm&r=g","contentUrl":"https:\/\/secure.gravatar.com\/avatar\/b6fb204631f38a2b370b28bc02ac2601d34a21c771512dd83e95649ff65440f5?s=96&d=mm&r=g","caption":"Sz\u00e9ps\u00e9gEsszencia Kozmetika"},"sameAs":["https:\/\/szepsegesszenciakozmetika.hu"],"url":"https:\/\/szepsegesszenciakozmetika.hu\/index.php\/author\/harmoniakozmetika-hu\/"}]}},"_links":{"self":[{"href":"https:\/\/szepsegesszenciakozmetika.hu\/index.php\/wp-json\/wp\/v2\/posts\/3064","targetHints":{"allow":["GET"]}}],"collection":[{"href":"https:\/\/szepsegesszenciakozmetika.hu\/index.php\/wp-json\/wp\/v2\/posts"}],"about":[{"href":"https:\/\/szepsegesszenciakozmetika.hu\/index.php\/wp-json\/wp\/v2\/types\/post"}],"author":[{"embeddable":true,"href":"https:\/\/szepsegesszenciakozmetika.hu\/index.php\/wp-json\/wp\/v2\/users\/1"}],"replies":[{"embeddable":true,"href":"https:\/\/szepsegesszenciakozmetika.hu\/index.php\/wp-json\/wp\/v2\/comments?post=3064"}],"version-history":[{"count":1,"href":"https:\/\/szepsegesszenciakozmetika.hu\/index.php\/wp-json\/wp\/v2\/posts\/3064\/revisions"}],"predecessor-version":[{"id":3065,"href":"https:\/\/szepsegesszenciakozmetika.hu\/index.php\/wp-json\/wp\/v2\/posts\/3064\/revisions\/3065"}],"wp:featuredmedia":[{"embeddable":true,"href":"https:\/\/szepsegesszenciakozmetika.hu\/index.php\/wp-json\/wp\/v2\/media\/2689"}],"wp:attachment":[{"href":"https:\/\/szepsegesszenciakozmetika.hu\/index.php\/wp-json\/wp\/v2\/media?parent=3064"}],"wp:term":[{"taxonomy":"category","embeddable":true,"href":"https:\/\/szepsegesszenciakozmetika.hu\/index.php\/wp-json\/wp\/v2\/categories?post=3064"},{"taxonomy":"post_tag","embeddable":true,"href":"https:\/\/szepsegesszenciakozmetika.hu\/index.php\/wp-json\/wp\/v2\/tags?post=3064"}],"curies":[{"name":"wp","href":"https:\/\/api.w.org\/{rel}","templated":true}]}}