{"id":3061,"date":"2025-08-27T12:34:26","date_gmt":"2025-08-27T12:34:26","guid":{"rendered":"https:\/\/szepsegesszenciakozmetika.hu\/?p=3061"},"modified":"2025-08-27T12:34:26","modified_gmt":"2025-08-27T12:34:26","slug":"a-borapolas-alapja-a-megfelelo-tisztitas","status":"publish","type":"post","link":"https:\/\/szepsegesszenciakozmetika.hu\/index.php\/2025\/08\/27\/a-borapolas-alapja-a-megfelelo-tisztitas\/","title":{"rendered":"A b\u0151r\u00e1pol\u00e1s alapja a megfelel\u0151 tiszt\u00edt\u00e1s!"},"content":{"rendered":"\n<p>\ud83d\udccdEzt a l\u00e9p\u00e9st sosem szabad a nap v\u00e9g\u00e9n kihagyni, hiszem a tiszt\u00edt\u00e1ssal t\u00e1vol\u00edtjuk el a sminket, f\u00e9nyv\u00e9d\u0151t \u00e9s a nap sor\u00e1n b\u0151rre ker\u00fclt egy\u00e9b szennyez\u0151d\u00e9seket is.<\/p>\n\n\n\n<p>\ud83d\udccdIg\u00e9ny eset\u00e9n \u00e9s bizonyos b\u0151r\u00e1llapotokban (pl. pattan\u00e1s, akne) reggel is k\u00f6telez\u0151, annak \u00e9rdek\u00e9ben, hogy a kozmetikumokkal el\u00e9rhess\u00fck a v\u00e1gyott sz\u00e9p b\u0151rt.<\/p>\n\n\n\n<p>\ud83d\udccdA tiszt\u00edt\u00e1sn\u00e1l fontos m\u00e9g a b\u0151r\u00fcnknek megfelel\u0151en megv\u00e1lasztott term\u00e9k \u00e9s hat\u00e9kony technika is.<\/p>\n\n\n\n<p>\ud83d\udccdA tiszt\u00edt\u00e1s ut\u00e1n nem h\u00faz\u00f3dhat a b\u0151r, \u00e1ltal\u00e1noss\u00e1gban javasolt a habz\u00f3 term\u00e9kek ker\u00fcl\u00e9se \u00e9s ink\u00e1bb a fluid, vagy tej \u00e1llag\u00fa term\u00e9kek el\u0151nyben r\u00e9szes\u00edt\u00e9se.<\/p>\n\n\n\n<p>\ud83d\udccdA tiszt\u00edt\u00f3t nem helyettes\u00edti a tonik \u00e9s vagy az arcrad\u00edr, ez ut\u00f3bbiakat m\u00e1r letiszt\u00edtott b\u0151r\u00f6n haszn\u00e1ljuk.<\/p>\n\n\n\n<p>\ud83d\udccdA tiszt\u00edt\u00f3kat b\u0151 v\u00edzzel le kell mosni (a micell\u00e1s vizet is).<\/p>\n\n\n\n<p>\ud83d\udccdEgy j\u00f3 tiszt\u00edt\u00f3 a sminket is elt\u00e1vol\u00edtja, ez\u00e9rt nem mindig sz\u00fcks\u00e9ges a t\u00f6bb term\u00e9kkel v\u00e9gzett, t\u00f6bb l\u00e9pcs\u0151s tiszt\u00edt\u00e1s.<\/p>\n\n\n\n<p>Ha m\u00e9g nincs kozmetikusod, vagy \u00fagy \u00e9rzed szeretn\u00e9l jav\u00edtani az otthoni b\u0151r\u00e1pol\u00e1si rutinodon, fordulj hozz\u00e1m bizalommal!<\/p>\n\n\n\n<p>Krisztina<\/p>\n","protected":false},"excerpt":{"rendered":"<p>\ud83d\udccdEzt a l\u00e9p\u00e9st sosem szabad a nap v\u00e9g\u00e9n kihagyni, hiszem a tiszt\u00edt\u00e1ssal t\u00e1vol\u00edtjuk el a sminket, f\u00e9nyv\u00e9d\u0151t \u00e9s a nap sor\u00e1n b\u0151rre ker\u00fclt egy\u00e9b szennyez\u0151d\u00e9seket is. \ud83d\udccdIg\u00e9ny eset\u00e9n \u00e9s bizonyos b\u0151r\u00e1llapotokban (pl. pattan\u00e1s, akne) reggel is k\u00f6telez\u0151, annak \u00e9rdek\u00e9ben, hogy a kozmetikumokkal el\u00e9rhess\u00fck a v\u00e1gyott sz\u00e9p b\u0151rt. \ud83d\udccdA tiszt\u00edt\u00e1sn\u00e1l fontos m\u00e9g a b\u0151r\u00fcnknek megfelel\u0151en megv\u00e1lasztott [&hellip;]<\/p>\n","protected":false},"author":1,"featured_media":3062,"comment_status":"open","ping_status":"open","sticky":false,"template":"","format":"standard","meta":{"footnotes":""},"categories":[1],"tags":[],"class_list":["post-3061","post","type-post","status-publish","format-standard","has-post-thumbnail","hentry","category-uncategorized","entry","has-media"],"yoast_head":"<!-- This site is optimized with the Yoast SEO plugin v17.0 - https:\/\/yoast.com\/wordpress\/plugins\/seo\/ -->\n<title>A b\u0151r\u00e1pol\u00e1s alapja a megfelel\u0151 tiszt\u00edt\u00e1s! - Sz\u00e9ps\u00e9gEsszencia Kozmetika<\/title>\n<meta name=\"robots\" content=\"index, follow, max-snippet:-1, max-image-preview:large, max-video-preview:-1\" \/>\n<link rel=\"canonical\" href=\"https:\/\/szepsegesszenciakozmetika.hu\/index.php\/2025\/08\/27\/a-borapolas-alapja-a-megfelelo-tisztitas\/\" \/>\n<meta property=\"og:locale\" content=\"en_US\" \/>\n<meta property=\"og:type\" content=\"article\" \/>\n<meta property=\"og:title\" content=\"A b\u0151r\u00e1pol\u00e1s alapja a megfelel\u0151 tiszt\u00edt\u00e1s! - Sz\u00e9ps\u00e9gEsszencia Kozmetika\" \/>\n<meta property=\"og:description\" content=\"\ud83d\udccdEzt a l\u00e9p\u00e9st sosem szabad a nap v\u00e9g\u00e9n kihagyni, hiszem a tiszt\u00edt\u00e1ssal t\u00e1vol\u00edtjuk el a sminket, f\u00e9nyv\u00e9d\u0151t \u00e9s a nap sor\u00e1n b\u0151rre ker\u00fclt egy\u00e9b szennyez\u0151d\u00e9seket is. \ud83d\udccdIg\u00e9ny eset\u00e9n \u00e9s bizonyos b\u0151r\u00e1llapotokban (pl. pattan\u00e1s, akne) reggel is k\u00f6telez\u0151, annak \u00e9rdek\u00e9ben, hogy a kozmetikumokkal el\u00e9rhess\u00fck a v\u00e1gyott sz\u00e9p b\u0151rt. \ud83d\udccdA tiszt\u00edt\u00e1sn\u00e1l fontos m\u00e9g a b\u0151r\u00fcnknek megfelel\u0151en megv\u00e1lasztott [&hellip;]\" \/>\n<meta property=\"og:url\" content=\"https:\/\/szepsegesszenciakozmetika.hu\/index.php\/2025\/08\/27\/a-borapolas-alapja-a-megfelelo-tisztitas\/\" \/>\n<meta property=\"og:site_name\" content=\"Sz\u00e9ps\u00e9gEsszencia Kozmetika\" \/>\n<meta property=\"article:published_time\" content=\"2025-08-27T12:34:26+00:00\" \/>\n<meta property=\"og:image\" content=\"https:\/\/szepsegesszenciakozmetika.hu\/wp-content\/uploads\/2025\/08\/biodroga-szepseg-kozmetika-tisztitok-2.jpg\" \/>\n\t<meta property=\"og:image:width\" content=\"1440\" \/>\n\t<meta property=\"og:image:height\" content=\"1920\" \/>\n<meta name=\"twitter:card\" content=\"summary_large_image\" \/>\n<meta name=\"twitter:label1\" content=\"Written by\" \/>\n\t<meta name=\"twitter:data1\" content=\"Sz\u00e9ps\u00e9gEsszencia Kozmetika\" \/>\n\t<meta name=\"twitter:label2\" content=\"Est. reading time\" \/>\n\t<meta name=\"twitter:data2\" content=\"1 minute\" \/>\n<script type=\"application\/ld+json\" class=\"yoast-schema-graph\">{\"@context\":\"https:\/\/schema.org\",\"@graph\":[{\"@type\":\"WebSite\",\"@id\":\"https:\/\/szepsegesszenciakozmetika.hu\/#website\",\"url\":\"https:\/\/szepsegesszenciakozmetika.hu\/\",\"name\":\"Sz\\u00e9ps\\u00e9gEsszencia Kozmetika\",\"description\":\"Sz\\u00e9ps\\u00e9gEsszencia Kozmetika\",\"potentialAction\":[{\"@type\":\"SearchAction\",\"target\":{\"@type\":\"EntryPoint\",\"urlTemplate\":\"https:\/\/szepsegesszenciakozmetika.hu\/?s={search_term_string}\"},\"query-input\":\"required name=search_term_string\"}],\"inLanguage\":\"en-US\"},{\"@type\":\"ImageObject\",\"@id\":\"https:\/\/szepsegesszenciakozmetika.hu\/index.php\/2025\/08\/27\/a-borapolas-alapja-a-megfelelo-tisztitas\/#primaryimage\",\"inLanguage\":\"en-US\",\"url\":\"https:\/\/szepsegesszenciakozmetika.hu\/wp-content\/uploads\/2025\/08\/biodroga-szepseg-kozmetika-tisztitok-2.jpg\",\"contentUrl\":\"https:\/\/szepsegesszenciakozmetika.hu\/wp-content\/uploads\/2025\/08\/biodroga-szepseg-kozmetika-tisztitok-2.jpg\",\"width\":1440,\"height\":1920},{\"@type\":\"WebPage\",\"@id\":\"https:\/\/szepsegesszenciakozmetika.hu\/index.php\/2025\/08\/27\/a-borapolas-alapja-a-megfelelo-tisztitas\/#webpage\",\"url\":\"https:\/\/szepsegesszenciakozmetika.hu\/index.php\/2025\/08\/27\/a-borapolas-alapja-a-megfelelo-tisztitas\/\",\"name\":\"A b\\u0151r\\u00e1pol\\u00e1s alapja a megfelel\\u0151 tiszt\\u00edt\\u00e1s! - Sz\\u00e9ps\\u00e9gEsszencia Kozmetika\",\"isPartOf\":{\"@id\":\"https:\/\/szepsegesszenciakozmetika.hu\/#website\"},\"primaryImageOfPage\":{\"@id\":\"https:\/\/szepsegesszenciakozmetika.hu\/index.php\/2025\/08\/27\/a-borapolas-alapja-a-megfelelo-tisztitas\/#primaryimage\"},\"datePublished\":\"2025-08-27T12:34:26+00:00\",\"dateModified\":\"2025-08-27T12:34:26+00:00\",\"author\":{\"@id\":\"https:\/\/szepsegesszenciakozmetika.hu\/#\/schema\/person\/9fab83c855f79f70af074fd23aee8b61\"},\"breadcrumb\":{\"@id\":\"https:\/\/szepsegesszenciakozmetika.hu\/index.php\/2025\/08\/27\/a-borapolas-alapja-a-megfelelo-tisztitas\/#breadcrumb\"},\"inLanguage\":\"en-US\",\"potentialAction\":[{\"@type\":\"ReadAction\",\"target\":[\"https:\/\/szepsegesszenciakozmetika.hu\/index.php\/2025\/08\/27\/a-borapolas-alapja-a-megfelelo-tisztitas\/\"]}]},{\"@type\":\"BreadcrumbList\",\"@id\":\"https:\/\/szepsegesszenciakozmetika.hu\/index.php\/2025\/08\/27\/a-borapolas-alapja-a-megfelelo-tisztitas\/#breadcrumb\",\"itemListElement\":[{\"@type\":\"ListItem\",\"position\":1,\"name\":\"Home\",\"item\":\"https:\/\/szepsegesszenciakozmetika.hu\/\"},{\"@type\":\"ListItem\",\"position\":2,\"name\":\"A b\\u0151r\\u00e1pol\\u00e1s alapja a megfelel\\u0151 tiszt\\u00edt\\u00e1s!\"}]},{\"@type\":\"Person\",\"@id\":\"https:\/\/szepsegesszenciakozmetika.hu\/#\/schema\/person\/9fab83c855f79f70af074fd23aee8b61\",\"name\":\"Sz\\u00e9ps\\u00e9gEsszencia Kozmetika\",\"image\":{\"@type\":\"ImageObject\",\"@id\":\"https:\/\/szepsegesszenciakozmetika.hu\/#personlogo\",\"inLanguage\":\"en-US\",\"url\":\"https:\/\/secure.gravatar.com\/avatar\/b6fb204631f38a2b370b28bc02ac2601d34a21c771512dd83e95649ff65440f5?s=96&d=mm&r=g\",\"contentUrl\":\"https:\/\/secure.gravatar.com\/avatar\/b6fb204631f38a2b370b28bc02ac2601d34a21c771512dd83e95649ff65440f5?s=96&d=mm&r=g\",\"caption\":\"Sz\\u00e9ps\\u00e9gEsszencia Kozmetika\"},\"sameAs\":[\"https:\/\/szepsegesszenciakozmetika.hu\"],\"url\":\"https:\/\/szepsegesszenciakozmetika.hu\/index.php\/author\/harmoniakozmetika-hu\/\"}]}<\/script>\n<!-- \/ Yoast SEO plugin. -->","yoast_head_json":{"title":"A b\u0151r\u00e1pol\u00e1s alapja a megfelel\u0151 tiszt\u00edt\u00e1s! - Sz\u00e9ps\u00e9gEsszencia Kozmetika","robots":{"index":"index","follow":"follow","max-snippet":"max-snippet:-1","max-image-preview":"max-image-preview:large","max-video-preview":"max-video-preview:-1"},"canonical":"https:\/\/szepsegesszenciakozmetika.hu\/index.php\/2025\/08\/27\/a-borapolas-alapja-a-megfelelo-tisztitas\/","og_locale":"en_US","og_type":"article","og_title":"A b\u0151r\u00e1pol\u00e1s alapja a megfelel\u0151 tiszt\u00edt\u00e1s! - Sz\u00e9ps\u00e9gEsszencia Kozmetika","og_description":"\ud83d\udccdEzt a l\u00e9p\u00e9st sosem szabad a nap v\u00e9g\u00e9n kihagyni, hiszem a tiszt\u00edt\u00e1ssal t\u00e1vol\u00edtjuk el a sminket, f\u00e9nyv\u00e9d\u0151t \u00e9s a nap sor\u00e1n b\u0151rre ker\u00fclt egy\u00e9b szennyez\u0151d\u00e9seket is. \ud83d\udccdIg\u00e9ny eset\u00e9n \u00e9s bizonyos b\u0151r\u00e1llapotokban (pl. pattan\u00e1s, akne) reggel is k\u00f6telez\u0151, annak \u00e9rdek\u00e9ben, hogy a kozmetikumokkal el\u00e9rhess\u00fck a v\u00e1gyott sz\u00e9p b\u0151rt. \ud83d\udccdA tiszt\u00edt\u00e1sn\u00e1l fontos m\u00e9g a b\u0151r\u00fcnknek megfelel\u0151en megv\u00e1lasztott [&hellip;]","og_url":"https:\/\/szepsegesszenciakozmetika.hu\/index.php\/2025\/08\/27\/a-borapolas-alapja-a-megfelelo-tisztitas\/","og_site_name":"Sz\u00e9ps\u00e9gEsszencia Kozmetika","article_published_time":"2025-08-27T12:34:26+00:00","og_image":[{"width":1440,"height":1920,"filesize":387164,"url":"https:\/\/szepsegesszenciakozmetika.hu\/wp-content\/uploads\/2025\/08\/biodroga-szepseg-kozmetika-tisztitok-2.jpg","path":"\/var\/www\/web\/clients\/client57\/web412\/web\/wp-content\/uploads\/2025\/08\/biodroga-szepseg-kozmetika-tisztitok-2.jpg","size":"full","id":3062,"alt":"","pixels":2764800,"type":"image\/jpeg"}],"twitter_card":"summary_large_image","twitter_misc":{"Written by":"Sz\u00e9ps\u00e9gEsszencia Kozmetika","Est. reading time":"1 minute"},"schema":{"@context":"https:\/\/schema.org","@graph":[{"@type":"WebSite","@id":"https:\/\/szepsegesszenciakozmetika.hu\/#website","url":"https:\/\/szepsegesszenciakozmetika.hu\/","name":"Sz\u00e9ps\u00e9gEsszencia Kozmetika","description":"Sz\u00e9ps\u00e9gEsszencia Kozmetika","potentialAction":[{"@type":"SearchAction","target":{"@type":"EntryPoint","urlTemplate":"https:\/\/szepsegesszenciakozmetika.hu\/?s={search_term_string}"},"query-input":"required name=search_term_string"}],"inLanguage":"en-US"},{"@type":"ImageObject","@id":"https:\/\/szepsegesszenciakozmetika.hu\/index.php\/2025\/08\/27\/a-borapolas-alapja-a-megfelelo-tisztitas\/#primaryimage","inLanguage":"en-US","url":"https:\/\/szepsegesszenciakozmetika.hu\/wp-content\/uploads\/2025\/08\/biodroga-szepseg-kozmetika-tisztitok-2.jpg","contentUrl":"https:\/\/szepsegesszenciakozmetika.hu\/wp-content\/uploads\/2025\/08\/biodroga-szepseg-kozmetika-tisztitok-2.jpg","width":1440,"height":1920},{"@type":"WebPage","@id":"https:\/\/szepsegesszenciakozmetika.hu\/index.php\/2025\/08\/27\/a-borapolas-alapja-a-megfelelo-tisztitas\/#webpage","url":"https:\/\/szepsegesszenciakozmetika.hu\/index.php\/2025\/08\/27\/a-borapolas-alapja-a-megfelelo-tisztitas\/","name":"A b\u0151r\u00e1pol\u00e1s alapja a megfelel\u0151 tiszt\u00edt\u00e1s! - Sz\u00e9ps\u00e9gEsszencia Kozmetika","isPartOf":{"@id":"https:\/\/szepsegesszenciakozmetika.hu\/#website"},"primaryImageOfPage":{"@id":"https:\/\/szepsegesszenciakozmetika.hu\/index.php\/2025\/08\/27\/a-borapolas-alapja-a-megfelelo-tisztitas\/#primaryimage"},"datePublished":"2025-08-27T12:34:26+00:00","dateModified":"2025-08-27T12:34:26+00:00","author":{"@id":"https:\/\/szepsegesszenciakozmetika.hu\/#\/schema\/person\/9fab83c855f79f70af074fd23aee8b61"},"breadcrumb":{"@id":"https:\/\/szepsegesszenciakozmetika.hu\/index.php\/2025\/08\/27\/a-borapolas-alapja-a-megfelelo-tisztitas\/#breadcrumb"},"inLanguage":"en-US","potentialAction":[{"@type":"ReadAction","target":["https:\/\/szepsegesszenciakozmetika.hu\/index.php\/2025\/08\/27\/a-borapolas-alapja-a-megfelelo-tisztitas\/"]}]},{"@type":"BreadcrumbList","@id":"https:\/\/szepsegesszenciakozmetika.hu\/index.php\/2025\/08\/27\/a-borapolas-alapja-a-megfelelo-tisztitas\/#breadcrumb","itemListElement":[{"@type":"ListItem","position":1,"name":"Home","item":"https:\/\/szepsegesszenciakozmetika.hu\/"},{"@type":"ListItem","position":2,"name":"A b\u0151r\u00e1pol\u00e1s alapja a megfelel\u0151 tiszt\u00edt\u00e1s!"}]},{"@type":"Person","@id":"https:\/\/szepsegesszenciakozmetika.hu\/#\/schema\/person\/9fab83c855f79f70af074fd23aee8b61","name":"Sz\u00e9ps\u00e9gEsszencia Kozmetika","image":{"@type":"ImageObject","@id":"https:\/\/szepsegesszenciakozmetika.hu\/#personlogo","inLanguage":"en-US","url":"https:\/\/secure.gravatar.com\/avatar\/b6fb204631f38a2b370b28bc02ac2601d34a21c771512dd83e95649ff65440f5?s=96&d=mm&r=g","contentUrl":"https:\/\/secure.gravatar.com\/avatar\/b6fb204631f38a2b370b28bc02ac2601d34a21c771512dd83e95649ff65440f5?s=96&d=mm&r=g","caption":"Sz\u00e9ps\u00e9gEsszencia Kozmetika"},"sameAs":["https:\/\/szepsegesszenciakozmetika.hu"],"url":"https:\/\/szepsegesszenciakozmetika.hu\/index.php\/author\/harmoniakozmetika-hu\/"}]}},"_links":{"self":[{"href":"https:\/\/szepsegesszenciakozmetika.hu\/index.php\/wp-json\/wp\/v2\/posts\/3061","targetHints":{"allow":["GET"]}}],"collection":[{"href":"https:\/\/szepsegesszenciakozmetika.hu\/index.php\/wp-json\/wp\/v2\/posts"}],"about":[{"href":"https:\/\/szepsegesszenciakozmetika.hu\/index.php\/wp-json\/wp\/v2\/types\/post"}],"author":[{"embeddable":true,"href":"https:\/\/szepsegesszenciakozmetika.hu\/index.php\/wp-json\/wp\/v2\/users\/1"}],"replies":[{"embeddable":true,"href":"https:\/\/szepsegesszenciakozmetika.hu\/index.php\/wp-json\/wp\/v2\/comments?post=3061"}],"version-history":[{"count":1,"href":"https:\/\/szepsegesszenciakozmetika.hu\/index.php\/wp-json\/wp\/v2\/posts\/3061\/revisions"}],"predecessor-version":[{"id":3063,"href":"https:\/\/szepsegesszenciakozmetika.hu\/index.php\/wp-json\/wp\/v2\/posts\/3061\/revisions\/3063"}],"wp:featuredmedia":[{"embeddable":true,"href":"https:\/\/szepsegesszenciakozmetika.hu\/index.php\/wp-json\/wp\/v2\/media\/3062"}],"wp:attachment":[{"href":"https:\/\/szepsegesszenciakozmetika.hu\/index.php\/wp-json\/wp\/v2\/media?parent=3061"}],"wp:term":[{"taxonomy":"category","embeddable":true,"href":"https:\/\/szepsegesszenciakozmetika.hu\/index.php\/wp-json\/wp\/v2\/categories?post=3061"},{"taxonomy":"post_tag","embeddable":true,"href":"https:\/\/szepsegesszenciakozmetika.hu\/index.php\/wp-json\/wp\/v2\/tags?post=3061"}],"curies":[{"name":"wp","href":"https:\/\/api.w.org\/{rel}","templated":true}]}}