{"id":2460,"date":"2024-12-07T20:46:29","date_gmt":"2024-12-07T20:46:29","guid":{"rendered":"https:\/\/szepsegesszenciakozmetika.hu\/?p=2460"},"modified":"2024-12-07T20:46:29","modified_gmt":"2024-12-07T20:46:29","slug":"sokszor-kerdezik-meg-a-vendegeim-tolem-hogy-en-milyen-kozmetikumot-hasznalok-mi-a-borapolasi-rutinom","status":"publish","type":"post","link":"https:\/\/szepsegesszenciakozmetika.hu\/index.php\/2024\/12\/07\/sokszor-kerdezik-meg-a-vendegeim-tolem-hogy-en-milyen-kozmetikumot-hasznalok-mi-a-borapolasi-rutinom\/","title":{"rendered":"Sokszor k\u00e9rdezik meg a Vend\u00e9geim t\u0151lem, hogy \u00e9n milyen kozmetikumot haszn\u00e1lok, mi a b\u0151r\u00e1pol\u00e1si rutinom?"},"content":{"rendered":"\n<p>Biodroga term\u00e9keket haszn\u00e1lok.<\/p>\n\n\n\n<p>Mivel alapvet\u0151en zs\u00edros a b\u0151r\u00f6m, b\u00e1r egyre kev\u00e9sb\u00e9 ahogy telik az id\u0151 \ud83d\ude04 sz\u00fcks\u00e9gem van a p\u00f3rusaim tiszt\u00edt\u00e1s\u00e1ra, \u00e9rz\u00e9keny, pirosod\u00e1sra hajlamos is \u00e9s mindig hidrat\u00e1l\u00e1sra \u00e1csing\u00f3zik.<\/p>\n\n\n\n<p>Kor\u00e1bban mikor nem tudtam mivel tudom sz\u00e9p\u00edteni a b\u0151r\u00f6m, sokszor t\u00fal sz\u00e1r\u00edtottam \u00e9s azt hittem a pirosod\u00e1ssal sem lehet mit tenni, h\u00e1t meglehet\u0151sen t\u00e9vedtem \ud83d\ude0a<\/p>\n\n\n\n<p>Sz\u00f3val ez a rutinom:<\/p>\n\n\n\n<p>1. Tiszt\u00edt\u00f3 fluid, a p\u00f3rusok tiszt\u00edt\u00e1s\u00e1r\u00e9rt, nem sz\u00e1r\u00edt \u00e9s t\u00e1mogatja a b\u0151r fl\u00f3r\u00e1j\u00e1t<\/p>\n\n\n\n<p>2. Alkoholmentes tonik<\/p>\n\n\n\n<p>3. 10% Azelainsav sz\u00e9rum, pirosod\u00e1s ellen, antioxid\u00e1ns<\/p>\n\n\n\n<p>4. 5% AHA sav sz\u00e9rum, heti 2x este, egys\u00e9ges\u00edti a b\u0151rt, anti-aging<\/p>\n\n\n\n<p>5. jelenleg a Moisture&amp;Balance gazdag kr\u00e9m reggel \u00e9s este<\/p>\n\n\n\n<p>6. nappali sminkem a DD kr\u00e9m light \u00e1rnyalatban<\/p>\n\n\n\n<p>amir\u0151l az egyik kedves Vend\u00e9gem \u00edgy nyilatkozott:<\/p>\n\n\n\n<p>&#8220;olyan mintha lealapozn\u00e1m a b\u0151r\u00f6m, de m\u00e9gsem lenne rajta semmi&#8221;<\/p>\n\n\n\n<p>im\u00e1dom ezt a megfogalmaz\u00e1st, mert ez \u00edgy t\u0171 pontos \u00e9s hogy ezt nem csak \u00e9n mondom igaz\u00e1n hiteles is\ud83e\udd70<\/p>\n\n\n\n<p>Alkalmazkodik a b\u0151r t\u00f3nus\u00e1hoz, kifinom\u00edtja, \u00e1polja a b\u0151rt, de nem lehet megmondani, hogy b\u00e1rmi is ker\u00fclt r\u00e1 \ud83d\ude0d<\/p>\n\n\n\n<p><br>Ma az extra k\u00e9nyeztet\u00e9s a Hidrat\u00e1l\u00f3 anti-age maszk volt:<\/p>\n\n\n\n<p>Az arckezel\u00e9seim r\u00e9sze az otthoni b\u0151r\u00e1pol\u00e1s \u00e1tbesz\u00e9l\u00e9se \u00e9s optimaliz\u00e1l\u00e1sa, k\u00e9rj id\u0151pontot Te is!<\/p>\n\n\n\n<p><\/p>\n","protected":false},"excerpt":{"rendered":"<p>Biodroga term\u00e9keket haszn\u00e1lok. Mivel alapvet\u0151en zs\u00edros a b\u0151r\u00f6m, b\u00e1r egyre kev\u00e9sb\u00e9 ahogy telik az id\u0151 \ud83d\ude04 sz\u00fcks\u00e9gem van a p\u00f3rusaim tiszt\u00edt\u00e1s\u00e1ra, \u00e9rz\u00e9keny, pirosod\u00e1sra hajlamos is \u00e9s mindig hidrat\u00e1l\u00e1sra \u00e1csing\u00f3zik. Kor\u00e1bban mikor nem tudtam mivel tudom sz\u00e9p\u00edteni a b\u0151r\u00f6m, sokszor t\u00fal sz\u00e1r\u00edtottam \u00e9s azt hittem a pirosod\u00e1ssal sem lehet mit tenni, h\u00e1t meglehet\u0151sen t\u00e9vedtem \ud83d\ude0a Sz\u00f3val [&hellip;]<\/p>\n","protected":false},"author":1,"featured_media":2461,"comment_status":"open","ping_status":"open","sticky":false,"template":"","format":"standard","meta":{"footnotes":""},"categories":[1],"tags":[],"class_list":["post-2460","post","type-post","status-publish","format-standard","has-post-thumbnail","hentry","category-uncategorized","entry","has-media"],"yoast_head":"<!-- This site is optimized with the Yoast SEO plugin v17.0 - https:\/\/yoast.com\/wordpress\/plugins\/seo\/ -->\n<title>Sokszor k\u00e9rdezik meg a Vend\u00e9geim t\u0151lem, hogy \u00e9n milyen kozmetikumot haszn\u00e1lok, mi a b\u0151r\u00e1pol\u00e1si rutinom? - Sz\u00e9ps\u00e9gEsszencia Kozmetika<\/title>\n<meta name=\"robots\" content=\"index, follow, max-snippet:-1, max-image-preview:large, max-video-preview:-1\" \/>\n<link rel=\"canonical\" href=\"https:\/\/szepsegesszenciakozmetika.hu\/index.php\/2024\/12\/07\/sokszor-kerdezik-meg-a-vendegeim-tolem-hogy-en-milyen-kozmetikumot-hasznalok-mi-a-borapolasi-rutinom\/\" \/>\n<meta property=\"og:locale\" content=\"en_US\" \/>\n<meta property=\"og:type\" content=\"article\" \/>\n<meta property=\"og:title\" content=\"Sokszor k\u00e9rdezik meg a Vend\u00e9geim t\u0151lem, hogy \u00e9n milyen kozmetikumot haszn\u00e1lok, mi a b\u0151r\u00e1pol\u00e1si rutinom? - Sz\u00e9ps\u00e9gEsszencia Kozmetika\" \/>\n<meta property=\"og:description\" content=\"Biodroga term\u00e9keket haszn\u00e1lok. Mivel alapvet\u0151en zs\u00edros a b\u0151r\u00f6m, b\u00e1r egyre kev\u00e9sb\u00e9 ahogy telik az id\u0151 \ud83d\ude04 sz\u00fcks\u00e9gem van a p\u00f3rusaim tiszt\u00edt\u00e1s\u00e1ra, \u00e9rz\u00e9keny, pirosod\u00e1sra hajlamos is \u00e9s mindig hidrat\u00e1l\u00e1sra \u00e1csing\u00f3zik. Kor\u00e1bban mikor nem tudtam mivel tudom sz\u00e9p\u00edteni a b\u0151r\u00f6m, sokszor t\u00fal sz\u00e1r\u00edtottam \u00e9s azt hittem a pirosod\u00e1ssal sem lehet mit tenni, h\u00e1t meglehet\u0151sen t\u00e9vedtem \ud83d\ude0a Sz\u00f3val [&hellip;]\" \/>\n<meta property=\"og:url\" content=\"https:\/\/szepsegesszenciakozmetika.hu\/index.php\/2024\/12\/07\/sokszor-kerdezik-meg-a-vendegeim-tolem-hogy-en-milyen-kozmetikumot-hasznalok-mi-a-borapolasi-rutinom\/\" \/>\n<meta property=\"og:site_name\" content=\"Sz\u00e9ps\u00e9gEsszencia Kozmetika\" \/>\n<meta property=\"article:published_time\" content=\"2024-12-07T20:46:29+00:00\" \/>\n<meta property=\"og:image\" content=\"https:\/\/szepsegesszenciakozmetika.hu\/wp-content\/uploads\/2024\/12\/biodroga-hidratalo-antiaging-maszk-20241023.jpg\" \/>\n\t<meta property=\"og:image:width\" content=\"1440\" \/>\n\t<meta property=\"og:image:height\" content=\"1920\" \/>\n<meta name=\"twitter:card\" content=\"summary_large_image\" \/>\n<meta name=\"twitter:label1\" content=\"Written by\" \/>\n\t<meta name=\"twitter:data1\" content=\"Sz\u00e9ps\u00e9gEsszencia Kozmetika\" \/>\n\t<meta name=\"twitter:label2\" content=\"Est. reading time\" \/>\n\t<meta name=\"twitter:data2\" content=\"1 minute\" \/>\n<script type=\"application\/ld+json\" class=\"yoast-schema-graph\">{\"@context\":\"https:\/\/schema.org\",\"@graph\":[{\"@type\":\"WebSite\",\"@id\":\"https:\/\/szepsegesszenciakozmetika.hu\/#website\",\"url\":\"https:\/\/szepsegesszenciakozmetika.hu\/\",\"name\":\"Sz\\u00e9ps\\u00e9gEsszencia Kozmetika\",\"description\":\"Sz\\u00e9ps\\u00e9gEsszencia Kozmetika\",\"potentialAction\":[{\"@type\":\"SearchAction\",\"target\":{\"@type\":\"EntryPoint\",\"urlTemplate\":\"https:\/\/szepsegesszenciakozmetika.hu\/?s={search_term_string}\"},\"query-input\":\"required name=search_term_string\"}],\"inLanguage\":\"en-US\"},{\"@type\":\"ImageObject\",\"@id\":\"https:\/\/szepsegesszenciakozmetika.hu\/index.php\/2024\/12\/07\/sokszor-kerdezik-meg-a-vendegeim-tolem-hogy-en-milyen-kozmetikumot-hasznalok-mi-a-borapolasi-rutinom\/#primaryimage\",\"inLanguage\":\"en-US\",\"url\":\"https:\/\/szepsegesszenciakozmetika.hu\/wp-content\/uploads\/2024\/12\/biodroga-hidratalo-antiaging-maszk-20241023.jpg\",\"contentUrl\":\"https:\/\/szepsegesszenciakozmetika.hu\/wp-content\/uploads\/2024\/12\/biodroga-hidratalo-antiaging-maszk-20241023.jpg\",\"width\":1440,\"height\":1920},{\"@type\":\"WebPage\",\"@id\":\"https:\/\/szepsegesszenciakozmetika.hu\/index.php\/2024\/12\/07\/sokszor-kerdezik-meg-a-vendegeim-tolem-hogy-en-milyen-kozmetikumot-hasznalok-mi-a-borapolasi-rutinom\/#webpage\",\"url\":\"https:\/\/szepsegesszenciakozmetika.hu\/index.php\/2024\/12\/07\/sokszor-kerdezik-meg-a-vendegeim-tolem-hogy-en-milyen-kozmetikumot-hasznalok-mi-a-borapolasi-rutinom\/\",\"name\":\"Sokszor k\\u00e9rdezik meg a Vend\\u00e9geim t\\u0151lem, hogy \\u00e9n milyen kozmetikumot haszn\\u00e1lok, mi a b\\u0151r\\u00e1pol\\u00e1si rutinom? - Sz\\u00e9ps\\u00e9gEsszencia Kozmetika\",\"isPartOf\":{\"@id\":\"https:\/\/szepsegesszenciakozmetika.hu\/#website\"},\"primaryImageOfPage\":{\"@id\":\"https:\/\/szepsegesszenciakozmetika.hu\/index.php\/2024\/12\/07\/sokszor-kerdezik-meg-a-vendegeim-tolem-hogy-en-milyen-kozmetikumot-hasznalok-mi-a-borapolasi-rutinom\/#primaryimage\"},\"datePublished\":\"2024-12-07T20:46:29+00:00\",\"dateModified\":\"2024-12-07T20:46:29+00:00\",\"author\":{\"@id\":\"https:\/\/szepsegesszenciakozmetika.hu\/#\/schema\/person\/9fab83c855f79f70af074fd23aee8b61\"},\"breadcrumb\":{\"@id\":\"https:\/\/szepsegesszenciakozmetika.hu\/index.php\/2024\/12\/07\/sokszor-kerdezik-meg-a-vendegeim-tolem-hogy-en-milyen-kozmetikumot-hasznalok-mi-a-borapolasi-rutinom\/#breadcrumb\"},\"inLanguage\":\"en-US\",\"potentialAction\":[{\"@type\":\"ReadAction\",\"target\":[\"https:\/\/szepsegesszenciakozmetika.hu\/index.php\/2024\/12\/07\/sokszor-kerdezik-meg-a-vendegeim-tolem-hogy-en-milyen-kozmetikumot-hasznalok-mi-a-borapolasi-rutinom\/\"]}]},{\"@type\":\"BreadcrumbList\",\"@id\":\"https:\/\/szepsegesszenciakozmetika.hu\/index.php\/2024\/12\/07\/sokszor-kerdezik-meg-a-vendegeim-tolem-hogy-en-milyen-kozmetikumot-hasznalok-mi-a-borapolasi-rutinom\/#breadcrumb\",\"itemListElement\":[{\"@type\":\"ListItem\",\"position\":1,\"name\":\"Home\",\"item\":\"https:\/\/szepsegesszenciakozmetika.hu\/\"},{\"@type\":\"ListItem\",\"position\":2,\"name\":\"Sokszor k\\u00e9rdezik meg a Vend\\u00e9geim t\\u0151lem, hogy \\u00e9n milyen kozmetikumot haszn\\u00e1lok, mi a b\\u0151r\\u00e1pol\\u00e1si rutinom?\"}]},{\"@type\":\"Person\",\"@id\":\"https:\/\/szepsegesszenciakozmetika.hu\/#\/schema\/person\/9fab83c855f79f70af074fd23aee8b61\",\"name\":\"Sz\\u00e9ps\\u00e9gEsszencia Kozmetika\",\"image\":{\"@type\":\"ImageObject\",\"@id\":\"https:\/\/szepsegesszenciakozmetika.hu\/#personlogo\",\"inLanguage\":\"en-US\",\"url\":\"https:\/\/secure.gravatar.com\/avatar\/b6fb204631f38a2b370b28bc02ac2601d34a21c771512dd83e95649ff65440f5?s=96&d=mm&r=g\",\"contentUrl\":\"https:\/\/secure.gravatar.com\/avatar\/b6fb204631f38a2b370b28bc02ac2601d34a21c771512dd83e95649ff65440f5?s=96&d=mm&r=g\",\"caption\":\"Sz\\u00e9ps\\u00e9gEsszencia Kozmetika\"},\"sameAs\":[\"https:\/\/szepsegesszenciakozmetika.hu\"],\"url\":\"https:\/\/szepsegesszenciakozmetika.hu\/index.php\/author\/harmoniakozmetika-hu\/\"}]}<\/script>\n<!-- \/ Yoast SEO plugin. -->","yoast_head_json":{"title":"Sokszor k\u00e9rdezik meg a Vend\u00e9geim t\u0151lem, hogy \u00e9n milyen kozmetikumot haszn\u00e1lok, mi a b\u0151r\u00e1pol\u00e1si rutinom? - Sz\u00e9ps\u00e9gEsszencia Kozmetika","robots":{"index":"index","follow":"follow","max-snippet":"max-snippet:-1","max-image-preview":"max-image-preview:large","max-video-preview":"max-video-preview:-1"},"canonical":"https:\/\/szepsegesszenciakozmetika.hu\/index.php\/2024\/12\/07\/sokszor-kerdezik-meg-a-vendegeim-tolem-hogy-en-milyen-kozmetikumot-hasznalok-mi-a-borapolasi-rutinom\/","og_locale":"en_US","og_type":"article","og_title":"Sokszor k\u00e9rdezik meg a Vend\u00e9geim t\u0151lem, hogy \u00e9n milyen kozmetikumot haszn\u00e1lok, mi a b\u0151r\u00e1pol\u00e1si rutinom? - Sz\u00e9ps\u00e9gEsszencia Kozmetika","og_description":"Biodroga term\u00e9keket haszn\u00e1lok. Mivel alapvet\u0151en zs\u00edros a b\u0151r\u00f6m, b\u00e1r egyre kev\u00e9sb\u00e9 ahogy telik az id\u0151 \ud83d\ude04 sz\u00fcks\u00e9gem van a p\u00f3rusaim tiszt\u00edt\u00e1s\u00e1ra, \u00e9rz\u00e9keny, pirosod\u00e1sra hajlamos is \u00e9s mindig hidrat\u00e1l\u00e1sra \u00e1csing\u00f3zik. Kor\u00e1bban mikor nem tudtam mivel tudom sz\u00e9p\u00edteni a b\u0151r\u00f6m, sokszor t\u00fal sz\u00e1r\u00edtottam \u00e9s azt hittem a pirosod\u00e1ssal sem lehet mit tenni, h\u00e1t meglehet\u0151sen t\u00e9vedtem \ud83d\ude0a Sz\u00f3val [&hellip;]","og_url":"https:\/\/szepsegesszenciakozmetika.hu\/index.php\/2024\/12\/07\/sokszor-kerdezik-meg-a-vendegeim-tolem-hogy-en-milyen-kozmetikumot-hasznalok-mi-a-borapolasi-rutinom\/","og_site_name":"Sz\u00e9ps\u00e9gEsszencia Kozmetika","article_published_time":"2024-12-07T20:46:29+00:00","og_image":[{"width":1440,"height":1920,"filesize":600336,"url":"https:\/\/szepsegesszenciakozmetika.hu\/wp-content\/uploads\/2024\/12\/biodroga-hidratalo-antiaging-maszk-20241023.jpg","path":"\/var\/www\/web\/clients\/client57\/web280\/web\/wp-content\/uploads\/2024\/12\/biodroga-hidratalo-antiaging-maszk-20241023.jpg","size":"full","id":2461,"alt":"","pixels":2764800,"type":"image\/jpeg"}],"twitter_card":"summary_large_image","twitter_misc":{"Written by":"Sz\u00e9ps\u00e9gEsszencia Kozmetika","Est. reading time":"1 minute"},"schema":{"@context":"https:\/\/schema.org","@graph":[{"@type":"WebSite","@id":"https:\/\/szepsegesszenciakozmetika.hu\/#website","url":"https:\/\/szepsegesszenciakozmetika.hu\/","name":"Sz\u00e9ps\u00e9gEsszencia Kozmetika","description":"Sz\u00e9ps\u00e9gEsszencia Kozmetika","potentialAction":[{"@type":"SearchAction","target":{"@type":"EntryPoint","urlTemplate":"https:\/\/szepsegesszenciakozmetika.hu\/?s={search_term_string}"},"query-input":"required name=search_term_string"}],"inLanguage":"en-US"},{"@type":"ImageObject","@id":"https:\/\/szepsegesszenciakozmetika.hu\/index.php\/2024\/12\/07\/sokszor-kerdezik-meg-a-vendegeim-tolem-hogy-en-milyen-kozmetikumot-hasznalok-mi-a-borapolasi-rutinom\/#primaryimage","inLanguage":"en-US","url":"https:\/\/szepsegesszenciakozmetika.hu\/wp-content\/uploads\/2024\/12\/biodroga-hidratalo-antiaging-maszk-20241023.jpg","contentUrl":"https:\/\/szepsegesszenciakozmetika.hu\/wp-content\/uploads\/2024\/12\/biodroga-hidratalo-antiaging-maszk-20241023.jpg","width":1440,"height":1920},{"@type":"WebPage","@id":"https:\/\/szepsegesszenciakozmetika.hu\/index.php\/2024\/12\/07\/sokszor-kerdezik-meg-a-vendegeim-tolem-hogy-en-milyen-kozmetikumot-hasznalok-mi-a-borapolasi-rutinom\/#webpage","url":"https:\/\/szepsegesszenciakozmetika.hu\/index.php\/2024\/12\/07\/sokszor-kerdezik-meg-a-vendegeim-tolem-hogy-en-milyen-kozmetikumot-hasznalok-mi-a-borapolasi-rutinom\/","name":"Sokszor k\u00e9rdezik meg a Vend\u00e9geim t\u0151lem, hogy \u00e9n milyen kozmetikumot haszn\u00e1lok, mi a b\u0151r\u00e1pol\u00e1si rutinom? - Sz\u00e9ps\u00e9gEsszencia Kozmetika","isPartOf":{"@id":"https:\/\/szepsegesszenciakozmetika.hu\/#website"},"primaryImageOfPage":{"@id":"https:\/\/szepsegesszenciakozmetika.hu\/index.php\/2024\/12\/07\/sokszor-kerdezik-meg-a-vendegeim-tolem-hogy-en-milyen-kozmetikumot-hasznalok-mi-a-borapolasi-rutinom\/#primaryimage"},"datePublished":"2024-12-07T20:46:29+00:00","dateModified":"2024-12-07T20:46:29+00:00","author":{"@id":"https:\/\/szepsegesszenciakozmetika.hu\/#\/schema\/person\/9fab83c855f79f70af074fd23aee8b61"},"breadcrumb":{"@id":"https:\/\/szepsegesszenciakozmetika.hu\/index.php\/2024\/12\/07\/sokszor-kerdezik-meg-a-vendegeim-tolem-hogy-en-milyen-kozmetikumot-hasznalok-mi-a-borapolasi-rutinom\/#breadcrumb"},"inLanguage":"en-US","potentialAction":[{"@type":"ReadAction","target":["https:\/\/szepsegesszenciakozmetika.hu\/index.php\/2024\/12\/07\/sokszor-kerdezik-meg-a-vendegeim-tolem-hogy-en-milyen-kozmetikumot-hasznalok-mi-a-borapolasi-rutinom\/"]}]},{"@type":"BreadcrumbList","@id":"https:\/\/szepsegesszenciakozmetika.hu\/index.php\/2024\/12\/07\/sokszor-kerdezik-meg-a-vendegeim-tolem-hogy-en-milyen-kozmetikumot-hasznalok-mi-a-borapolasi-rutinom\/#breadcrumb","itemListElement":[{"@type":"ListItem","position":1,"name":"Home","item":"https:\/\/szepsegesszenciakozmetika.hu\/"},{"@type":"ListItem","position":2,"name":"Sokszor k\u00e9rdezik meg a Vend\u00e9geim t\u0151lem, hogy \u00e9n milyen kozmetikumot haszn\u00e1lok, mi a b\u0151r\u00e1pol\u00e1si rutinom?"}]},{"@type":"Person","@id":"https:\/\/szepsegesszenciakozmetika.hu\/#\/schema\/person\/9fab83c855f79f70af074fd23aee8b61","name":"Sz\u00e9ps\u00e9gEsszencia Kozmetika","image":{"@type":"ImageObject","@id":"https:\/\/szepsegesszenciakozmetika.hu\/#personlogo","inLanguage":"en-US","url":"https:\/\/secure.gravatar.com\/avatar\/b6fb204631f38a2b370b28bc02ac2601d34a21c771512dd83e95649ff65440f5?s=96&d=mm&r=g","contentUrl":"https:\/\/secure.gravatar.com\/avatar\/b6fb204631f38a2b370b28bc02ac2601d34a21c771512dd83e95649ff65440f5?s=96&d=mm&r=g","caption":"Sz\u00e9ps\u00e9gEsszencia Kozmetika"},"sameAs":["https:\/\/szepsegesszenciakozmetika.hu"],"url":"https:\/\/szepsegesszenciakozmetika.hu\/index.php\/author\/harmoniakozmetika-hu\/"}]}},"_links":{"self":[{"href":"https:\/\/szepsegesszenciakozmetika.hu\/index.php\/wp-json\/wp\/v2\/posts\/2460","targetHints":{"allow":["GET"]}}],"collection":[{"href":"https:\/\/szepsegesszenciakozmetika.hu\/index.php\/wp-json\/wp\/v2\/posts"}],"about":[{"href":"https:\/\/szepsegesszenciakozmetika.hu\/index.php\/wp-json\/wp\/v2\/types\/post"}],"author":[{"embeddable":true,"href":"https:\/\/szepsegesszenciakozmetika.hu\/index.php\/wp-json\/wp\/v2\/users\/1"}],"replies":[{"embeddable":true,"href":"https:\/\/szepsegesszenciakozmetika.hu\/index.php\/wp-json\/wp\/v2\/comments?post=2460"}],"version-history":[{"count":1,"href":"https:\/\/szepsegesszenciakozmetika.hu\/index.php\/wp-json\/wp\/v2\/posts\/2460\/revisions"}],"predecessor-version":[{"id":2462,"href":"https:\/\/szepsegesszenciakozmetika.hu\/index.php\/wp-json\/wp\/v2\/posts\/2460\/revisions\/2462"}],"wp:featuredmedia":[{"embeddable":true,"href":"https:\/\/szepsegesszenciakozmetika.hu\/index.php\/wp-json\/wp\/v2\/media\/2461"}],"wp:attachment":[{"href":"https:\/\/szepsegesszenciakozmetika.hu\/index.php\/wp-json\/wp\/v2\/media?parent=2460"}],"wp:term":[{"taxonomy":"category","embeddable":true,"href":"https:\/\/szepsegesszenciakozmetika.hu\/index.php\/wp-json\/wp\/v2\/categories?post=2460"},{"taxonomy":"post_tag","embeddable":true,"href":"https:\/\/szepsegesszenciakozmetika.hu\/index.php\/wp-json\/wp\/v2\/tags?post=2460"}],"curies":[{"name":"wp","href":"https:\/\/api.w.org\/{rel}","templated":true}]}}