{"id":229,"date":"2022-07-08T16:13:41","date_gmt":"2022-07-08T16:13:41","guid":{"rendered":"http:\/\/szepsegesszenciakozmetika.hu\/?p=229"},"modified":"2022-08-29T12:53:44","modified_gmt":"2022-08-29T12:53:44","slug":"kozmetikai-arcmasszazs-jotekony-hatasai","status":"publish","type":"post","link":"https:\/\/szepsegesszenciakozmetika.hu\/index.php\/2022\/07\/08\/kozmetikai-arcmasszazs-jotekony-hatasai\/","title":{"rendered":"Kozmetikai arcmassz\u00e1zs j\u00f3t\u00e9kony hat\u00e1sai"},"content":{"rendered":"\t\t<div data-elementor-type=\"wp-post\" data-elementor-id=\"229\" class=\"elementor elementor-229\" data-elementor-settings=\"[]\">\n\t\t\t\t\t\t\t<div class=\"elementor-section-wrap\">\n\t\t\t\t\t\t\t<section class=\"elementor-section elementor-top-section elementor-element elementor-element-4880f6b8 elementor-section-boxed elementor-section-height-default elementor-section-height-default\" data-id=\"4880f6b8\" data-element_type=\"section\">\n\t\t\t\t\t\t<div class=\"elementor-container elementor-column-gap-default\">\n\t\t\t\t\t<div class=\"elementor-column elementor-col-100 elementor-top-column elementor-element elementor-element-5672db0e\" data-id=\"5672db0e\" data-element_type=\"column\">\n\t\t\t<div class=\"elementor-widget-wrap elementor-element-populated\">\n\t\t\t\t\t\t\t\t<div class=\"elementor-element elementor-element-2bd13a3c elementor-widget elementor-widget-text-editor\" data-id=\"2bd13a3c\" data-element_type=\"widget\" data-widget_type=\"text-editor.default\">\n\t\t\t\t<div class=\"elementor-widget-container\">\n\t\t\t\t\t\t\t<p><!-- wp:paragraph --><\/p>\n<p>Az arckezel\u00e9sek egyik legfontosabb eleme a massz\u00e1zs. Egyr\u00e9szt, mert vend\u00e9gk\u00e9nt sokszor ez a kedvenc, v\u00e1rt r\u00e9sze a kezel\u00e9snek, amikor \u00fagy igaz\u00e1n el lehet lazulni, m\u00e1sr\u00e9szt mert jelent\u0151s j\u00f3t\u00e9kony hat\u00e1ssal van a b\u0151rre.<\/p>\n<p><!-- \/wp:paragraph --><\/p>\n<p><!-- wp:paragraph --><\/p>\n<p><br>A hagyom\u00e1nyos, k\u00e9zzel v\u00e9gzett massz\u00e1zs mechanikai ingerk\u00e9nt hat a b\u0151rre, ami v\u00e9rb\u0151s\u00e9g fokoz\u00f3 hat\u00e1s\u00fa, \u00edgy javul a sz\u00f6vetek oxig\u00e9n \u00e9s t\u00e1panyag ell\u00e1t\u00e1sa, ezzel egyidej\u0171leg pedig serkenti a nyirokkering\u00e9st is, aminek k\u00f6vetkezt\u00e9ben hat\u00e9konyabb a boml\u00e1sterm\u00e9kek elsz\u00e1ll\u00edt\u00e1sa, m\u00e1s sz\u00f3val javul a sejtek \u00e9letm\u0171k\u00f6d\u00e9se, megindul a sz\u00f6vetek regener\u00e1l\u00f3d\u00e1sa. A massz\u00e1zs el\u0151seg\u00edti a b\u0151r\u00fcnk felsz\u00edn\u00e9n l\u00e9v\u0151 elhalt szarusejtek lev\u00e1l\u00e1s\u00e1t, ez\u00e1ltal jav\u00edtva a h\u00e1msejtek oszt\u00f3d\u00e1s\u00e1t, a b\u0151r ellen\u00e1ll\u00f3k\u00e9pess\u00e9g\u00e9t, ami szebb, egyenletesebb b\u0151rk\u00e9pben mutatkozik meg.<\/p>\n<p><!-- \/wp:paragraph --><\/p>\n<p><!-- wp:paragraph --><\/p>\n<p><br>A m\u00e9lyebb r\u00e9tegekben fokoz\u00f3dik a b\u0151r rugalmass\u00e1g\u00e1\u00e9rt \u00e9s feszess\u00e9g\u00e9\u00e9rt felel\u0151s kollag\u00e9n \u00e9s elasztikus rostok k\u00e9pz\u0151d\u00e9se, \u00edgy tud a massz\u00e1zs hozz\u00e1j\u00e1rulni ahhoz, hogy b\u0151r\u00fcnk rugalmasabb\u00e1 v\u00e1ljon, \u00f6reged\u00e9se lelassuljon \u00e9s min\u00e9l tov\u00e1bb meg\u0151rizze feszess\u00e9g\u00e9t. Kiegyens\u00falyoz\u00f3 hat\u00e1ssal van a faggy\u00fatermel\u00e9s\u00e9rt felel\u0151s mirigyek m\u0171k\u00f6d\u00e9s\u00e9re is, aminek k\u00f6vetkezt\u00e9ben kevesebb mitesszer (komed\u00f3), pattan\u00e1s (gyulladt komed\u00f3, akne) alakul ki. \u00c9s nem utols\u00f3 sorban jav\u00edtja a hat\u00f3anyagok b\u0151rbe t\u00f6rt\u00e9n\u0151 felsz\u00edv\u00f3d\u00e1s\u00e1t.<\/p>\n<p><!-- \/wp:paragraph --><\/p>\n<p><!-- wp:paragraph --><\/p>\n<p><br>A massz\u00e1zs mechanikai ingerei az idegrendszeren kereszt\u00fcl fejtik ki pozit\u00edv fizikai \u00e9s lelki hat\u00e1sukat. A massz\u00e1zs cs\u00f6kkenti az idegrendszer fesz\u00fclts\u00e9g\u00e9t, oldja a stresszt, lecsendes\u00edti a zaklatotts\u00e1got, nyugtat\u00f3, ellaz\u00edt\u00f3, sokszor altat\u00f3 hat\u00e1s\u00fa.<\/p>\n<p><!-- \/wp:paragraph --><\/p>\n<p><!-- wp:paragraph --><\/p>\n<p><br>Azonban azt is fontos megjegyezni, hogy a kozmetikai massz\u00e1zs l\u00e9nyege a prevenci\u00f3ban, a megel\u0151z\u00e9sben van, teh\u00e1t akkor tud a fiatalos, eg\u00e9szs\u00e9ges b\u0151rk\u00e9p megtart\u00e1s\u00e1ban, az \u00f6reged\u00e9si folyamatok k\u00e9sleltet\u00e9s\u00e9ben tart\u00f3san a seg\u00edts\u00e9g\u00fcnkre lenni, amennyiben rendszeresen massz\u00edroztatjuk a b\u0151r\u00fcnket. A rendszeress\u00e9g p\u00e9ld\u00e1ul lehet heti 1, vagy havi 1-2 alkalom is a kezel\u00e9s jelleg\u00e9t\u0151l, b\u0151r\u00e1llapott\u00f3l, el\u00e9rni k\u00edv\u00e1nt c\u00e9lt\u00f3l f\u00fcgg\u0151en.<\/p><p>K\u00e9p: Pinterest<\/p>\n<p><!-- \/wp:paragraph --><\/p>\t\t\t\t\t\t<\/div>\n\t\t\t\t<\/div>\n\t\t\t\t\t<\/div>\n\t\t<\/div>\n\t\t\t\t\t\t\t<\/div>\n\t\t<\/section>\n\t\t\t\t\t\t<\/div>\n\t\t\t\t\t<\/div>\n\t\t","protected":false},"excerpt":{"rendered":"<p>Az arckezel\u00e9sek egyik legfontosabb eleme a massz\u00e1zs. Egyr\u00e9szt, mert vend\u00e9gk\u00e9nt sokszor ez a kedvenc, v\u00e1rt r\u00e9sze a kezel\u00e9snek, amikor \u00fagy igaz\u00e1n el lehet lazulni, m\u00e1sr\u00e9szt mert jelent\u0151s j\u00f3t\u00e9kony hat\u00e1ssal van a b\u0151rre. A hagyom\u00e1nyos, k\u00e9zzel v\u00e9gzett massz\u00e1zs mechanikai ingerk\u00e9nt hat a b\u0151rre, ami v\u00e9rb\u0151s\u00e9g fokoz\u00f3 hat\u00e1s\u00fa, \u00edgy javul a sz\u00f6vetek oxig\u00e9n \u00e9s t\u00e1panyag ell\u00e1t\u00e1sa, ezzel [&hellip;]<\/p>\n","protected":false},"author":1,"featured_media":850,"comment_status":"open","ping_status":"open","sticky":false,"template":"","format":"standard","meta":{"footnotes":""},"categories":[1],"tags":[],"class_list":["post-229","post","type-post","status-publish","format-standard","has-post-thumbnail","hentry","category-uncategorized","entry","has-media"],"yoast_head":"<!-- This site is optimized with the Yoast SEO plugin v17.0 - https:\/\/yoast.com\/wordpress\/plugins\/seo\/ -->\n<title>Kozmetikai arcmassz\u00e1zs j\u00f3t\u00e9kony hat\u00e1sai - Sz\u00e9ps\u00e9gEsszencia Kozmetika<\/title>\n<meta name=\"robots\" content=\"index, follow, max-snippet:-1, max-image-preview:large, max-video-preview:-1\" \/>\n<link rel=\"canonical\" href=\"https:\/\/szepsegesszenciakozmetika.hu\/index.php\/2022\/07\/08\/kozmetikai-arcmasszazs-jotekony-hatasai\/\" \/>\n<meta property=\"og:locale\" content=\"en_US\" \/>\n<meta property=\"og:type\" content=\"article\" \/>\n<meta property=\"og:title\" content=\"Kozmetikai arcmassz\u00e1zs j\u00f3t\u00e9kony hat\u00e1sai - Sz\u00e9ps\u00e9gEsszencia Kozmetika\" \/>\n<meta property=\"og:description\" content=\"Az arckezel\u00e9sek egyik legfontosabb eleme a massz\u00e1zs. Egyr\u00e9szt, mert vend\u00e9gk\u00e9nt sokszor ez a kedvenc, v\u00e1rt r\u00e9sze a kezel\u00e9snek, amikor \u00fagy igaz\u00e1n el lehet lazulni, m\u00e1sr\u00e9szt mert jelent\u0151s j\u00f3t\u00e9kony hat\u00e1ssal van a b\u0151rre. A hagyom\u00e1nyos, k\u00e9zzel v\u00e9gzett massz\u00e1zs mechanikai ingerk\u00e9nt hat a b\u0151rre, ami v\u00e9rb\u0151s\u00e9g fokoz\u00f3 hat\u00e1s\u00fa, \u00edgy javul a sz\u00f6vetek oxig\u00e9n \u00e9s t\u00e1panyag ell\u00e1t\u00e1sa, ezzel [&hellip;]\" \/>\n<meta property=\"og:url\" content=\"https:\/\/szepsegesszenciakozmetika.hu\/index.php\/2022\/07\/08\/kozmetikai-arcmasszazs-jotekony-hatasai\/\" \/>\n<meta property=\"og:site_name\" content=\"Sz\u00e9ps\u00e9gEsszencia Kozmetika\" \/>\n<meta property=\"article:published_time\" content=\"2022-07-08T16:13:41+00:00\" \/>\n<meta property=\"article:modified_time\" content=\"2022-08-29T12:53:44+00:00\" \/>\n<meta property=\"og:image\" content=\"https:\/\/szepsegesszenciakozmetika.hu\/wp-content\/uploads\/2022\/07\/szepsegesszenciakozmetika_masszazs_jotekony_hatasai_blog_2.jpg\" \/>\n\t<meta property=\"og:image:width\" content=\"564\" \/>\n\t<meta property=\"og:image:height\" content=\"376\" \/>\n<meta name=\"twitter:card\" content=\"summary_large_image\" \/>\n<meta name=\"twitter:label1\" content=\"Written by\" \/>\n\t<meta name=\"twitter:data1\" content=\"Sz\u00e9ps\u00e9gEsszencia Kozmetika\" \/>\n\t<meta name=\"twitter:label2\" content=\"Est. reading time\" \/>\n\t<meta name=\"twitter:data2\" content=\"2 minutes\" \/>\n<script type=\"application\/ld+json\" class=\"yoast-schema-graph\">{\"@context\":\"https:\/\/schema.org\",\"@graph\":[{\"@type\":\"WebSite\",\"@id\":\"https:\/\/szepsegesszenciakozmetika.hu\/#website\",\"url\":\"https:\/\/szepsegesszenciakozmetika.hu\/\",\"name\":\"Sz\\u00e9ps\\u00e9gEsszencia Kozmetika\",\"description\":\"Sz\\u00e9ps\\u00e9gEsszencia Kozmetika\",\"potentialAction\":[{\"@type\":\"SearchAction\",\"target\":{\"@type\":\"EntryPoint\",\"urlTemplate\":\"https:\/\/szepsegesszenciakozmetika.hu\/?s={search_term_string}\"},\"query-input\":\"required name=search_term_string\"}],\"inLanguage\":\"en-US\"},{\"@type\":\"ImageObject\",\"@id\":\"https:\/\/szepsegesszenciakozmetika.hu\/index.php\/2022\/07\/08\/kozmetikai-arcmasszazs-jotekony-hatasai\/#primaryimage\",\"inLanguage\":\"en-US\",\"url\":\"https:\/\/szepsegesszenciakozmetika.hu\/wp-content\/uploads\/2022\/07\/szepsegesszenciakozmetika_masszazs_jotekony_hatasai_blog_2.jpg\",\"contentUrl\":\"https:\/\/szepsegesszenciakozmetika.hu\/wp-content\/uploads\/2022\/07\/szepsegesszenciakozmetika_masszazs_jotekony_hatasai_blog_2.jpg\",\"width\":564,\"height\":376},{\"@type\":\"WebPage\",\"@id\":\"https:\/\/szepsegesszenciakozmetika.hu\/index.php\/2022\/07\/08\/kozmetikai-arcmasszazs-jotekony-hatasai\/#webpage\",\"url\":\"https:\/\/szepsegesszenciakozmetika.hu\/index.php\/2022\/07\/08\/kozmetikai-arcmasszazs-jotekony-hatasai\/\",\"name\":\"Kozmetikai arcmassz\\u00e1zs j\\u00f3t\\u00e9kony hat\\u00e1sai - Sz\\u00e9ps\\u00e9gEsszencia Kozmetika\",\"isPartOf\":{\"@id\":\"https:\/\/szepsegesszenciakozmetika.hu\/#website\"},\"primaryImageOfPage\":{\"@id\":\"https:\/\/szepsegesszenciakozmetika.hu\/index.php\/2022\/07\/08\/kozmetikai-arcmasszazs-jotekony-hatasai\/#primaryimage\"},\"datePublished\":\"2022-07-08T16:13:41+00:00\",\"dateModified\":\"2022-08-29T12:53:44+00:00\",\"author\":{\"@id\":\"https:\/\/szepsegesszenciakozmetika.hu\/#\/schema\/person\/9fab83c855f79f70af074fd23aee8b61\"},\"breadcrumb\":{\"@id\":\"https:\/\/szepsegesszenciakozmetika.hu\/index.php\/2022\/07\/08\/kozmetikai-arcmasszazs-jotekony-hatasai\/#breadcrumb\"},\"inLanguage\":\"en-US\",\"potentialAction\":[{\"@type\":\"ReadAction\",\"target\":[\"https:\/\/szepsegesszenciakozmetika.hu\/index.php\/2022\/07\/08\/kozmetikai-arcmasszazs-jotekony-hatasai\/\"]}]},{\"@type\":\"BreadcrumbList\",\"@id\":\"https:\/\/szepsegesszenciakozmetika.hu\/index.php\/2022\/07\/08\/kozmetikai-arcmasszazs-jotekony-hatasai\/#breadcrumb\",\"itemListElement\":[{\"@type\":\"ListItem\",\"position\":1,\"name\":\"Home\",\"item\":\"https:\/\/szepsegesszenciakozmetika.hu\/\"},{\"@type\":\"ListItem\",\"position\":2,\"name\":\"Kozmetikai arcmassz\\u00e1zs j\\u00f3t\\u00e9kony hat\\u00e1sai\"}]},{\"@type\":\"Person\",\"@id\":\"https:\/\/szepsegesszenciakozmetika.hu\/#\/schema\/person\/9fab83c855f79f70af074fd23aee8b61\",\"name\":\"Sz\\u00e9ps\\u00e9gEsszencia Kozmetika\",\"image\":{\"@type\":\"ImageObject\",\"@id\":\"https:\/\/szepsegesszenciakozmetika.hu\/#personlogo\",\"inLanguage\":\"en-US\",\"url\":\"https:\/\/secure.gravatar.com\/avatar\/b6fb204631f38a2b370b28bc02ac2601d34a21c771512dd83e95649ff65440f5?s=96&d=mm&r=g\",\"contentUrl\":\"https:\/\/secure.gravatar.com\/avatar\/b6fb204631f38a2b370b28bc02ac2601d34a21c771512dd83e95649ff65440f5?s=96&d=mm&r=g\",\"caption\":\"Sz\\u00e9ps\\u00e9gEsszencia Kozmetika\"},\"sameAs\":[\"https:\/\/szepsegesszenciakozmetika.hu\"],\"url\":\"https:\/\/szepsegesszenciakozmetika.hu\/index.php\/author\/harmoniakozmetika-hu\/\"}]}<\/script>\n<!-- \/ Yoast SEO plugin. -->","yoast_head_json":{"title":"Kozmetikai arcmassz\u00e1zs j\u00f3t\u00e9kony hat\u00e1sai - Sz\u00e9ps\u00e9gEsszencia Kozmetika","robots":{"index":"index","follow":"follow","max-snippet":"max-snippet:-1","max-image-preview":"max-image-preview:large","max-video-preview":"max-video-preview:-1"},"canonical":"https:\/\/szepsegesszenciakozmetika.hu\/index.php\/2022\/07\/08\/kozmetikai-arcmasszazs-jotekony-hatasai\/","og_locale":"en_US","og_type":"article","og_title":"Kozmetikai arcmassz\u00e1zs j\u00f3t\u00e9kony hat\u00e1sai - Sz\u00e9ps\u00e9gEsszencia Kozmetika","og_description":"Az arckezel\u00e9sek egyik legfontosabb eleme a massz\u00e1zs. Egyr\u00e9szt, mert vend\u00e9gk\u00e9nt sokszor ez a kedvenc, v\u00e1rt r\u00e9sze a kezel\u00e9snek, amikor \u00fagy igaz\u00e1n el lehet lazulni, m\u00e1sr\u00e9szt mert jelent\u0151s j\u00f3t\u00e9kony hat\u00e1ssal van a b\u0151rre. A hagyom\u00e1nyos, k\u00e9zzel v\u00e9gzett massz\u00e1zs mechanikai ingerk\u00e9nt hat a b\u0151rre, ami v\u00e9rb\u0151s\u00e9g fokoz\u00f3 hat\u00e1s\u00fa, \u00edgy javul a sz\u00f6vetek oxig\u00e9n \u00e9s t\u00e1panyag ell\u00e1t\u00e1sa, ezzel [&hellip;]","og_url":"https:\/\/szepsegesszenciakozmetika.hu\/index.php\/2022\/07\/08\/kozmetikai-arcmasszazs-jotekony-hatasai\/","og_site_name":"Sz\u00e9ps\u00e9gEsszencia Kozmetika","article_published_time":"2022-07-08T16:13:41+00:00","article_modified_time":"2022-08-29T12:53:44+00:00","og_image":[{"width":564,"height":376,"filesize":21745,"url":"https:\/\/szepsegesszenciakozmetika.hu\/wp-content\/uploads\/2022\/07\/szepsegesszenciakozmetika_masszazs_jotekony_hatasai_blog_2.jpg","path":"\/var\/www\/web\/clients\/client57\/web280\/web\/wp-content\/uploads\/2022\/07\/szepsegesszenciakozmetika_masszazs_jotekony_hatasai_blog_2.jpg","size":"full","id":850,"alt":"","pixels":212064,"type":"image\/jpeg"}],"twitter_card":"summary_large_image","twitter_misc":{"Written by":"Sz\u00e9ps\u00e9gEsszencia Kozmetika","Est. reading time":"2 minutes"},"schema":{"@context":"https:\/\/schema.org","@graph":[{"@type":"WebSite","@id":"https:\/\/szepsegesszenciakozmetika.hu\/#website","url":"https:\/\/szepsegesszenciakozmetika.hu\/","name":"Sz\u00e9ps\u00e9gEsszencia Kozmetika","description":"Sz\u00e9ps\u00e9gEsszencia Kozmetika","potentialAction":[{"@type":"SearchAction","target":{"@type":"EntryPoint","urlTemplate":"https:\/\/szepsegesszenciakozmetika.hu\/?s={search_term_string}"},"query-input":"required name=search_term_string"}],"inLanguage":"en-US"},{"@type":"ImageObject","@id":"https:\/\/szepsegesszenciakozmetika.hu\/index.php\/2022\/07\/08\/kozmetikai-arcmasszazs-jotekony-hatasai\/#primaryimage","inLanguage":"en-US","url":"https:\/\/szepsegesszenciakozmetika.hu\/wp-content\/uploads\/2022\/07\/szepsegesszenciakozmetika_masszazs_jotekony_hatasai_blog_2.jpg","contentUrl":"https:\/\/szepsegesszenciakozmetika.hu\/wp-content\/uploads\/2022\/07\/szepsegesszenciakozmetika_masszazs_jotekony_hatasai_blog_2.jpg","width":564,"height":376},{"@type":"WebPage","@id":"https:\/\/szepsegesszenciakozmetika.hu\/index.php\/2022\/07\/08\/kozmetikai-arcmasszazs-jotekony-hatasai\/#webpage","url":"https:\/\/szepsegesszenciakozmetika.hu\/index.php\/2022\/07\/08\/kozmetikai-arcmasszazs-jotekony-hatasai\/","name":"Kozmetikai arcmassz\u00e1zs j\u00f3t\u00e9kony hat\u00e1sai - Sz\u00e9ps\u00e9gEsszencia Kozmetika","isPartOf":{"@id":"https:\/\/szepsegesszenciakozmetika.hu\/#website"},"primaryImageOfPage":{"@id":"https:\/\/szepsegesszenciakozmetika.hu\/index.php\/2022\/07\/08\/kozmetikai-arcmasszazs-jotekony-hatasai\/#primaryimage"},"datePublished":"2022-07-08T16:13:41+00:00","dateModified":"2022-08-29T12:53:44+00:00","author":{"@id":"https:\/\/szepsegesszenciakozmetika.hu\/#\/schema\/person\/9fab83c855f79f70af074fd23aee8b61"},"breadcrumb":{"@id":"https:\/\/szepsegesszenciakozmetika.hu\/index.php\/2022\/07\/08\/kozmetikai-arcmasszazs-jotekony-hatasai\/#breadcrumb"},"inLanguage":"en-US","potentialAction":[{"@type":"ReadAction","target":["https:\/\/szepsegesszenciakozmetika.hu\/index.php\/2022\/07\/08\/kozmetikai-arcmasszazs-jotekony-hatasai\/"]}]},{"@type":"BreadcrumbList","@id":"https:\/\/szepsegesszenciakozmetika.hu\/index.php\/2022\/07\/08\/kozmetikai-arcmasszazs-jotekony-hatasai\/#breadcrumb","itemListElement":[{"@type":"ListItem","position":1,"name":"Home","item":"https:\/\/szepsegesszenciakozmetika.hu\/"},{"@type":"ListItem","position":2,"name":"Kozmetikai arcmassz\u00e1zs j\u00f3t\u00e9kony hat\u00e1sai"}]},{"@type":"Person","@id":"https:\/\/szepsegesszenciakozmetika.hu\/#\/schema\/person\/9fab83c855f79f70af074fd23aee8b61","name":"Sz\u00e9ps\u00e9gEsszencia Kozmetika","image":{"@type":"ImageObject","@id":"https:\/\/szepsegesszenciakozmetika.hu\/#personlogo","inLanguage":"en-US","url":"https:\/\/secure.gravatar.com\/avatar\/b6fb204631f38a2b370b28bc02ac2601d34a21c771512dd83e95649ff65440f5?s=96&d=mm&r=g","contentUrl":"https:\/\/secure.gravatar.com\/avatar\/b6fb204631f38a2b370b28bc02ac2601d34a21c771512dd83e95649ff65440f5?s=96&d=mm&r=g","caption":"Sz\u00e9ps\u00e9gEsszencia Kozmetika"},"sameAs":["https:\/\/szepsegesszenciakozmetika.hu"],"url":"https:\/\/szepsegesszenciakozmetika.hu\/index.php\/author\/harmoniakozmetika-hu\/"}]}},"_links":{"self":[{"href":"https:\/\/szepsegesszenciakozmetika.hu\/index.php\/wp-json\/wp\/v2\/posts\/229","targetHints":{"allow":["GET"]}}],"collection":[{"href":"https:\/\/szepsegesszenciakozmetika.hu\/index.php\/wp-json\/wp\/v2\/posts"}],"about":[{"href":"https:\/\/szepsegesszenciakozmetika.hu\/index.php\/wp-json\/wp\/v2\/types\/post"}],"author":[{"embeddable":true,"href":"https:\/\/szepsegesszenciakozmetika.hu\/index.php\/wp-json\/wp\/v2\/users\/1"}],"replies":[{"embeddable":true,"href":"https:\/\/szepsegesszenciakozmetika.hu\/index.php\/wp-json\/wp\/v2\/comments?post=229"}],"version-history":[{"count":8,"href":"https:\/\/szepsegesszenciakozmetika.hu\/index.php\/wp-json\/wp\/v2\/posts\/229\/revisions"}],"predecessor-version":[{"id":1015,"href":"https:\/\/szepsegesszenciakozmetika.hu\/index.php\/wp-json\/wp\/v2\/posts\/229\/revisions\/1015"}],"wp:featuredmedia":[{"embeddable":true,"href":"https:\/\/szepsegesszenciakozmetika.hu\/index.php\/wp-json\/wp\/v2\/media\/850"}],"wp:attachment":[{"href":"https:\/\/szepsegesszenciakozmetika.hu\/index.php\/wp-json\/wp\/v2\/media?parent=229"}],"wp:term":[{"taxonomy":"category","embeddable":true,"href":"https:\/\/szepsegesszenciakozmetika.hu\/index.php\/wp-json\/wp\/v2\/categories?post=229"},{"taxonomy":"post_tag","embeddable":true,"href":"https:\/\/szepsegesszenciakozmetika.hu\/index.php\/wp-json\/wp\/v2\/tags?post=229"}],"curies":[{"name":"wp","href":"https:\/\/api.w.org\/{rel}","templated":true}]}}