{"id":228,"date":"2022-05-30T19:43:16","date_gmt":"2022-05-30T19:43:16","guid":{"rendered":"http:\/\/szepsegesszenciakozmetika.hu\/?p=228"},"modified":"2022-08-25T18:19:55","modified_gmt":"2022-08-25T18:19:55","slug":"napi-borapolasi-rutinom","status":"publish","type":"post","link":"https:\/\/szepsegesszenciakozmetika.hu\/index.php\/2022\/05\/30\/napi-borapolasi-rutinom\/","title":{"rendered":"Napi b\u0151r\u00e1pol\u00e1si rutinom"},"content":{"rendered":"\n<p>Olyan sok minden\u00e9rt lehet\u00fcnk h\u00e1l\u00e1sak a b\u0151r\u00fcnknek! T\u00f6bbek k\u00f6z\u00f6tt elhat\u00e1rol \u00e9s v\u00e9d minket a k\u00fclvil\u00e1gt\u00f3l, de ek\u00f6zben m\u00e9gis egy er\u0151s kapcsolatban van vele. Ahogy minden nap gondoskodunk arr\u00f3l, hogy t\u00e1pl\u00e1ljuk test\u00fcnket, igyunk, egy\u00fcnk, hogy aludjunk vagy megf\u00e9s\u00fclk\u00f6dj\u00fcnk, a b\u0151r\u00fcnkr\u0151l is ugyan\u00edgy gondoskodunk sz\u00fcks\u00e9ges, hogy min\u00e9l tov\u00e1bb meg\u0151rizz\u00fck \u00e9ps\u00e9g\u00e9t, sz\u00e9ps\u00e9g\u00e9t.<\/p>\n\n\n\n<p>Megosztom veletek, hogy nekem mi a napi rutinom, amiben hiszek \u00e9s sz\u00edvb\u0151l aj\u00e1nlom neked is. Az arc, nyak \u00e9s dekolt\u00e1zs ter\u00fclet\u00e9t egyben kezelem, amikor arcot \u00edrok csak, akkor is mindh\u00e1rom ter\u00fcletet \u00e9rtem egyben.<\/p>\n\n\n\n<p>Minden este zuhanyoz\u00e1skor letiszt\u00edtom az arcomat is. \u00c9n <a href=\"https:\/\/adriennefellerwebshop.hu\/lakossagi-termekek\/filter\/termektipus\/arclemoso\/\">arctejet<\/a> szeretek haszn\u00e1lni, mert nem sz\u00e1r\u00edtja a b\u0151r\u00f6met, \u00e1pol is emellett minden szennyez\u0151d\u00e9st elt\u00e1vol\u00edt, ami napk\u00f6zben a b\u0151rre ker\u00fclt, a sminket is elt\u00e1vol\u00edtja.&nbsp;Sz\u00e9pen \u00e1tmassz\u00edrozom a nedves b\u0151r\u00f6met az arctejjel \u00e9s b\u0151 v\u00edzzel lemosom,&nbsp;majd sz\u00e1razra t\u00f6rl\u00f6m t\u00f6r\u00f6lk\u00f6z\u0151vel.<\/p>\n\n\n\n<p>Ezut\u00e1n aromavizet viszek fel az arcomra, dekolt\u00e1zsomra. H\u00edvhatjuk toniknak is, de val\u00f3j\u00e1ban az aromav\u00edz, vagy <a href=\"https:\/\/adriennefellerwebshop.hu\/lakossagi-termekek\/filter\/termektipus\/arcpermet\/\">arcpermet<\/a> vir\u00e1gvizek \u00e9s r\u00fcgykivonatok csod\u00e1s kever\u00e9ke, ami a n\u00f6v\u00e9nyek v\u00edzben old\u00f3d\u00f3 kivonat\u00e1t, inform\u00e1ci\u00f3it tartalmazza, hidrat\u00e1l \u00e9s felk\u00e9sz\u00edti a b\u0151rt a k\u00f6vetkez\u0151 kozmetikum felvitel\u00e9re.<\/p>\n\n\n\n<p>M\u00e9g a nedves b\u0151rre ker\u00fcl p\u00e1r csepp (ig\u00e9ny szerint t\u00e9len t\u00f6bb, melegebb id\u0151ben kevesebb is el\u00e9g) az <a href=\"https:\/\/adriennefellerwebshop.hu\/lakossagi-termekek\/filter\/termektipus\/arcolaj-elixir\/\">arcolaj<\/a>b\u00f3l, amit finom mozdulatokkal a b\u0151rbe sim\u00edtok.<\/p>\n\n\n\n<p>Igyekezni kell felfel\u00e9 ir\u00e1nyul\u00f3 mozdulatokat haszn\u00e1lni, a gravit\u00e1ci\u00f3 ellen dolgozni. A szemk\u00f6rny\u00e9ke finom ter\u00fclet\u00e9t \u00f3vatosan&nbsp;\u00e1tmassz\u00edrozni&nbsp;a bels\u0151 szemzugb\u00f3l a szem\u00f6ld\u00f6k vonal\u00e1ban kifel\u00e9 indulva k\u00f6rk\u00f6r\u00f6s mozdulatokkal. \u00c9n arra szoktam vigy\u00e1zni, hogy a szempill\u00e1kra ne ker\u00fclj\u00f6n kozmetikum, egy elker\u00fclhet\u0151, hogy a szembe belekenj\u00fck.<\/p>\n\n\n\n<p><br>Amikor p\u00e1r percet hagytam a b\u0151r\u00f6mnek, hogy felsz\u00edvja az arcolaj nagy r\u00e9sz\u00e9t felviszem a szemk\u00f6rny\u00e9kre a <a href=\"https:\/\/adriennefellerwebshop.hu\/lakossagi-termekek\/filter\/termektipus\/szemkornyekapolo\/\">szemk\u00f6rny\u00e9k\u00e1pol\u00f3<\/a>t, majd a t\u00f6bbi ter\u00fcletre a <a href=\"https:\/\/adriennefellerwebshop.hu\/lakossagi-termekek\/filter\/termektipus\/taplalokrem\/\">t\u00e1pl\u00e1l\u00f3kr\u00e9met<\/a> is, amit szint\u00e9n hasonl\u00f3 mozdulatokkal massz\u00edrozok be, mint az arcolajjal tettem. Tavasszal, ny\u00e1ron est\u00e9re is hidrat\u00e1l\u00f3kr\u00e9met v\u00e1lasztok.<\/p>\n\n\n\n<p>Reggel annyiban k\u00fcl\u00f6nb\u00f6zik az esti rutint\u00f3l, hogy akkor nem sz\u00fcks\u00e9ges m\u00e1r arclemos\u00f3 haszn\u00e1lata, el\u00e9g v\u00edzzel felfriss\u00edteni az arcot, majd arcpermetet haszn\u00e1lok \u00e9s <a href=\"https:\/\/adriennefellerwebshop.hu\/lakossagi-termekek\/filter\/termektipus\/hidratalokrem-fluidum\/\">hidrat\u00e1l\u00f3kr\u00e9m<\/a>et, f\u00e9nyv\u00e9d\u0151t.<\/p>\n\n\n\n<p>Term\u00e9szetesen lehet az arc\u00e1pol\u00e1si rutint b\u0151v\u00edteni, amit m\u00e9g nagyon megh\u00e1l\u00e1l a b\u0151r, ilyen p\u00e9ld\u00e1ul a heti egyszeri <a href=\"https:\/\/adriennefellerwebshop.hu\/lakossagi-termekek\/filter\/termektipus\/arcradir\/\">b\u0151rrad\u00edr<\/a>oz\u00e1s, <a href=\"https:\/\/adriennefellerwebshop.hu\/lakossagi-termekek\/filter\/termektipus\/arcradir\/\">arcpakol\u00e1s<\/a>, vagy heti 2-3x <a href=\"https:\/\/adriennefellerwebshop.hu\/rose-de-luxe-hyaluron-szerum\">sz\u00e9rum<\/a> haszn\u00e1lata, de ha <strong>a napi letiszt\u00edt\u00e1s, arcpermet \u00e9s a hidrat\u00e1l\u00e1s\/t\u00e1pl\u00e1l\u00e1s <\/strong>(olaj \u00e9s\/vagy kr\u00e9m) <strong>h\u00e1rmas\u00e1t<\/strong> megadjuk a b\u0151r\u00fcnknek, m\u00e1r nagyon sokat tett\u00fcnk az\u00e9rt, hogy vigy\u00e1zzunk r\u00e1.<\/p>\n\n\n\n<p>Annak \u00e9rdek\u00e9ben, hogy a b\u0151rt\u00edpusodnak legink\u00e1bb megfelel\u0151 \u00e9s hat\u00e9kony term\u00e9keket tal\u00e1ld meg fordulj hozz\u00e1m bizalommal, ak\u00e1r csak egy b\u0151rdiagnosztiz\u00e1l\u00e1s-konzult\u00e1ci\u00f3ra.<\/p>\n\n\n\n<p>K\u00e9p: Pinterest<\/p>\n","protected":false},"excerpt":{"rendered":"<p>Olyan sok minden\u00e9rt lehet\u00fcnk h\u00e1l\u00e1sak a b\u0151r\u00fcnknek! T\u00f6bbek k\u00f6z\u00f6tt elhat\u00e1rol \u00e9s v\u00e9d minket a k\u00fclvil\u00e1gt\u00f3l, de ek\u00f6zben m\u00e9gis egy er\u0151s kapcsolatban van vele. Ahogy minden nap gondoskodunk arr\u00f3l, hogy t\u00e1pl\u00e1ljuk test\u00fcnket, igyunk, egy\u00fcnk, hogy aludjunk vagy megf\u00e9s\u00fclk\u00f6dj\u00fcnk, a b\u0151r\u00fcnkr\u0151l is ugyan\u00edgy gondoskodunk sz\u00fcks\u00e9ges, hogy min\u00e9l tov\u00e1bb meg\u0151rizz\u00fck \u00e9ps\u00e9g\u00e9t, sz\u00e9ps\u00e9g\u00e9t. Megosztom veletek, hogy nekem mi a [&hellip;]<\/p>\n","protected":false},"author":1,"featured_media":700,"comment_status":"open","ping_status":"open","sticky":false,"template":"","format":"standard","meta":{"footnotes":""},"categories":[1],"tags":[],"class_list":["post-228","post","type-post","status-publish","format-standard","has-post-thumbnail","hentry","category-uncategorized","entry","has-media"],"yoast_head":"<!-- This site is optimized with the Yoast SEO plugin v17.0 - https:\/\/yoast.com\/wordpress\/plugins\/seo\/ -->\n<title>Napi b\u0151r\u00e1pol\u00e1si rutinom - Sz\u00e9ps\u00e9gEsszencia Kozmetika<\/title>\n<meta name=\"robots\" content=\"index, follow, max-snippet:-1, max-image-preview:large, max-video-preview:-1\" \/>\n<link rel=\"canonical\" href=\"https:\/\/szepsegesszenciakozmetika.hu\/index.php\/2022\/05\/30\/napi-borapolasi-rutinom\/\" \/>\n<meta property=\"og:locale\" content=\"en_US\" \/>\n<meta property=\"og:type\" content=\"article\" \/>\n<meta property=\"og:title\" content=\"Napi b\u0151r\u00e1pol\u00e1si rutinom - Sz\u00e9ps\u00e9gEsszencia Kozmetika\" \/>\n<meta property=\"og:description\" content=\"Olyan sok minden\u00e9rt lehet\u00fcnk h\u00e1l\u00e1sak a b\u0151r\u00fcnknek! T\u00f6bbek k\u00f6z\u00f6tt elhat\u00e1rol \u00e9s v\u00e9d minket a k\u00fclvil\u00e1gt\u00f3l, de ek\u00f6zben m\u00e9gis egy er\u0151s kapcsolatban van vele. Ahogy minden nap gondoskodunk arr\u00f3l, hogy t\u00e1pl\u00e1ljuk test\u00fcnket, igyunk, egy\u00fcnk, hogy aludjunk vagy megf\u00e9s\u00fclk\u00f6dj\u00fcnk, a b\u0151r\u00fcnkr\u0151l is ugyan\u00edgy gondoskodunk sz\u00fcks\u00e9ges, hogy min\u00e9l tov\u00e1bb meg\u0151rizz\u00fck \u00e9ps\u00e9g\u00e9t, sz\u00e9ps\u00e9g\u00e9t. Megosztom veletek, hogy nekem mi a [&hellip;]\" \/>\n<meta property=\"og:url\" content=\"https:\/\/szepsegesszenciakozmetika.hu\/index.php\/2022\/05\/30\/napi-borapolasi-rutinom\/\" \/>\n<meta property=\"og:site_name\" content=\"Sz\u00e9ps\u00e9gEsszencia Kozmetika\" \/>\n<meta property=\"article:published_time\" content=\"2022-05-30T19:43:16+00:00\" \/>\n<meta property=\"article:modified_time\" content=\"2022-08-25T18:19:55+00:00\" \/>\n<meta property=\"og:image\" content=\"https:\/\/szepsegesszenciakozmetika.hu\/wp-content\/uploads\/2022\/05\/szepsegesszenciakozmetika_napi_arcapolas_blog.jpg\" \/>\n\t<meta property=\"og:image:width\" content=\"564\" \/>\n\t<meta property=\"og:image:height\" content=\"564\" \/>\n<meta name=\"twitter:card\" content=\"summary_large_image\" \/>\n<meta name=\"twitter:label1\" content=\"Written by\" \/>\n\t<meta name=\"twitter:data1\" content=\"Sz\u00e9ps\u00e9gEsszencia Kozmetika\" \/>\n\t<meta name=\"twitter:label2\" content=\"Est. reading time\" \/>\n\t<meta name=\"twitter:data2\" content=\"2 minutes\" \/>\n<script type=\"application\/ld+json\" class=\"yoast-schema-graph\">{\"@context\":\"https:\/\/schema.org\",\"@graph\":[{\"@type\":\"WebSite\",\"@id\":\"https:\/\/szepsegesszenciakozmetika.hu\/#website\",\"url\":\"https:\/\/szepsegesszenciakozmetika.hu\/\",\"name\":\"Sz\\u00e9ps\\u00e9gEsszencia Kozmetika\",\"description\":\"Sz\\u00e9ps\\u00e9gEsszencia Kozmetika\",\"potentialAction\":[{\"@type\":\"SearchAction\",\"target\":{\"@type\":\"EntryPoint\",\"urlTemplate\":\"https:\/\/szepsegesszenciakozmetika.hu\/?s={search_term_string}\"},\"query-input\":\"required name=search_term_string\"}],\"inLanguage\":\"en-US\"},{\"@type\":\"ImageObject\",\"@id\":\"https:\/\/szepsegesszenciakozmetika.hu\/index.php\/2022\/05\/30\/napi-borapolasi-rutinom\/#primaryimage\",\"inLanguage\":\"en-US\",\"url\":\"https:\/\/szepsegesszenciakozmetika.hu\/wp-content\/uploads\/2022\/05\/szepsegesszenciakozmetika_napi_arcapolas_blog.jpg\",\"contentUrl\":\"https:\/\/szepsegesszenciakozmetika.hu\/wp-content\/uploads\/2022\/05\/szepsegesszenciakozmetika_napi_arcapolas_blog.jpg\",\"width\":564,\"height\":564},{\"@type\":\"WebPage\",\"@id\":\"https:\/\/szepsegesszenciakozmetika.hu\/index.php\/2022\/05\/30\/napi-borapolasi-rutinom\/#webpage\",\"url\":\"https:\/\/szepsegesszenciakozmetika.hu\/index.php\/2022\/05\/30\/napi-borapolasi-rutinom\/\",\"name\":\"Napi b\\u0151r\\u00e1pol\\u00e1si rutinom - Sz\\u00e9ps\\u00e9gEsszencia Kozmetika\",\"isPartOf\":{\"@id\":\"https:\/\/szepsegesszenciakozmetika.hu\/#website\"},\"primaryImageOfPage\":{\"@id\":\"https:\/\/szepsegesszenciakozmetika.hu\/index.php\/2022\/05\/30\/napi-borapolasi-rutinom\/#primaryimage\"},\"datePublished\":\"2022-05-30T19:43:16+00:00\",\"dateModified\":\"2022-08-25T18:19:55+00:00\",\"author\":{\"@id\":\"https:\/\/szepsegesszenciakozmetika.hu\/#\/schema\/person\/9fab83c855f79f70af074fd23aee8b61\"},\"breadcrumb\":{\"@id\":\"https:\/\/szepsegesszenciakozmetika.hu\/index.php\/2022\/05\/30\/napi-borapolasi-rutinom\/#breadcrumb\"},\"inLanguage\":\"en-US\",\"potentialAction\":[{\"@type\":\"ReadAction\",\"target\":[\"https:\/\/szepsegesszenciakozmetika.hu\/index.php\/2022\/05\/30\/napi-borapolasi-rutinom\/\"]}]},{\"@type\":\"BreadcrumbList\",\"@id\":\"https:\/\/szepsegesszenciakozmetika.hu\/index.php\/2022\/05\/30\/napi-borapolasi-rutinom\/#breadcrumb\",\"itemListElement\":[{\"@type\":\"ListItem\",\"position\":1,\"name\":\"Home\",\"item\":\"https:\/\/szepsegesszenciakozmetika.hu\/\"},{\"@type\":\"ListItem\",\"position\":2,\"name\":\"Napi b\\u0151r\\u00e1pol\\u00e1si rutinom\"}]},{\"@type\":\"Person\",\"@id\":\"https:\/\/szepsegesszenciakozmetika.hu\/#\/schema\/person\/9fab83c855f79f70af074fd23aee8b61\",\"name\":\"Sz\\u00e9ps\\u00e9gEsszencia Kozmetika\",\"image\":{\"@type\":\"ImageObject\",\"@id\":\"https:\/\/szepsegesszenciakozmetika.hu\/#personlogo\",\"inLanguage\":\"en-US\",\"url\":\"https:\/\/secure.gravatar.com\/avatar\/b6fb204631f38a2b370b28bc02ac2601d34a21c771512dd83e95649ff65440f5?s=96&d=mm&r=g\",\"contentUrl\":\"https:\/\/secure.gravatar.com\/avatar\/b6fb204631f38a2b370b28bc02ac2601d34a21c771512dd83e95649ff65440f5?s=96&d=mm&r=g\",\"caption\":\"Sz\\u00e9ps\\u00e9gEsszencia Kozmetika\"},\"sameAs\":[\"https:\/\/szepsegesszenciakozmetika.hu\"],\"url\":\"https:\/\/szepsegesszenciakozmetika.hu\/index.php\/author\/harmoniakozmetika-hu\/\"}]}<\/script>\n<!-- \/ Yoast SEO plugin. -->","yoast_head_json":{"title":"Napi b\u0151r\u00e1pol\u00e1si rutinom - Sz\u00e9ps\u00e9gEsszencia Kozmetika","robots":{"index":"index","follow":"follow","max-snippet":"max-snippet:-1","max-image-preview":"max-image-preview:large","max-video-preview":"max-video-preview:-1"},"canonical":"https:\/\/szepsegesszenciakozmetika.hu\/index.php\/2022\/05\/30\/napi-borapolasi-rutinom\/","og_locale":"en_US","og_type":"article","og_title":"Napi b\u0151r\u00e1pol\u00e1si rutinom - Sz\u00e9ps\u00e9gEsszencia Kozmetika","og_description":"Olyan sok minden\u00e9rt lehet\u00fcnk h\u00e1l\u00e1sak a b\u0151r\u00fcnknek! T\u00f6bbek k\u00f6z\u00f6tt elhat\u00e1rol \u00e9s v\u00e9d minket a k\u00fclvil\u00e1gt\u00f3l, de ek\u00f6zben m\u00e9gis egy er\u0151s kapcsolatban van vele. Ahogy minden nap gondoskodunk arr\u00f3l, hogy t\u00e1pl\u00e1ljuk test\u00fcnket, igyunk, egy\u00fcnk, hogy aludjunk vagy megf\u00e9s\u00fclk\u00f6dj\u00fcnk, a b\u0151r\u00fcnkr\u0151l is ugyan\u00edgy gondoskodunk sz\u00fcks\u00e9ges, hogy min\u00e9l tov\u00e1bb meg\u0151rizz\u00fck \u00e9ps\u00e9g\u00e9t, sz\u00e9ps\u00e9g\u00e9t. Megosztom veletek, hogy nekem mi a [&hellip;]","og_url":"https:\/\/szepsegesszenciakozmetika.hu\/index.php\/2022\/05\/30\/napi-borapolasi-rutinom\/","og_site_name":"Sz\u00e9ps\u00e9gEsszencia Kozmetika","article_published_time":"2022-05-30T19:43:16+00:00","article_modified_time":"2022-08-25T18:19:55+00:00","og_image":[{"width":564,"height":564,"filesize":"33796","url":"https:\/\/szepsegesszenciakozmetika.hu\/wp-content\/uploads\/2022\/05\/szepsegesszenciakozmetika_napi_arcapolas_blog.jpg","path":"\/var\/www\/web\/clients\/client57\/web280\/web\/wp-content\/uploads\/2022\/05\/szepsegesszenciakozmetika_napi_arcapolas_blog.jpg","size":"full","id":700,"alt":"","pixels":318096,"type":"image\/jpeg"}],"twitter_card":"summary_large_image","twitter_misc":{"Written by":"Sz\u00e9ps\u00e9gEsszencia Kozmetika","Est. reading time":"2 minutes"},"schema":{"@context":"https:\/\/schema.org","@graph":[{"@type":"WebSite","@id":"https:\/\/szepsegesszenciakozmetika.hu\/#website","url":"https:\/\/szepsegesszenciakozmetika.hu\/","name":"Sz\u00e9ps\u00e9gEsszencia Kozmetika","description":"Sz\u00e9ps\u00e9gEsszencia Kozmetika","potentialAction":[{"@type":"SearchAction","target":{"@type":"EntryPoint","urlTemplate":"https:\/\/szepsegesszenciakozmetika.hu\/?s={search_term_string}"},"query-input":"required name=search_term_string"}],"inLanguage":"en-US"},{"@type":"ImageObject","@id":"https:\/\/szepsegesszenciakozmetika.hu\/index.php\/2022\/05\/30\/napi-borapolasi-rutinom\/#primaryimage","inLanguage":"en-US","url":"https:\/\/szepsegesszenciakozmetika.hu\/wp-content\/uploads\/2022\/05\/szepsegesszenciakozmetika_napi_arcapolas_blog.jpg","contentUrl":"https:\/\/szepsegesszenciakozmetika.hu\/wp-content\/uploads\/2022\/05\/szepsegesszenciakozmetika_napi_arcapolas_blog.jpg","width":564,"height":564},{"@type":"WebPage","@id":"https:\/\/szepsegesszenciakozmetika.hu\/index.php\/2022\/05\/30\/napi-borapolasi-rutinom\/#webpage","url":"https:\/\/szepsegesszenciakozmetika.hu\/index.php\/2022\/05\/30\/napi-borapolasi-rutinom\/","name":"Napi b\u0151r\u00e1pol\u00e1si rutinom - Sz\u00e9ps\u00e9gEsszencia Kozmetika","isPartOf":{"@id":"https:\/\/szepsegesszenciakozmetika.hu\/#website"},"primaryImageOfPage":{"@id":"https:\/\/szepsegesszenciakozmetika.hu\/index.php\/2022\/05\/30\/napi-borapolasi-rutinom\/#primaryimage"},"datePublished":"2022-05-30T19:43:16+00:00","dateModified":"2022-08-25T18:19:55+00:00","author":{"@id":"https:\/\/szepsegesszenciakozmetika.hu\/#\/schema\/person\/9fab83c855f79f70af074fd23aee8b61"},"breadcrumb":{"@id":"https:\/\/szepsegesszenciakozmetika.hu\/index.php\/2022\/05\/30\/napi-borapolasi-rutinom\/#breadcrumb"},"inLanguage":"en-US","potentialAction":[{"@type":"ReadAction","target":["https:\/\/szepsegesszenciakozmetika.hu\/index.php\/2022\/05\/30\/napi-borapolasi-rutinom\/"]}]},{"@type":"BreadcrumbList","@id":"https:\/\/szepsegesszenciakozmetika.hu\/index.php\/2022\/05\/30\/napi-borapolasi-rutinom\/#breadcrumb","itemListElement":[{"@type":"ListItem","position":1,"name":"Home","item":"https:\/\/szepsegesszenciakozmetika.hu\/"},{"@type":"ListItem","position":2,"name":"Napi b\u0151r\u00e1pol\u00e1si rutinom"}]},{"@type":"Person","@id":"https:\/\/szepsegesszenciakozmetika.hu\/#\/schema\/person\/9fab83c855f79f70af074fd23aee8b61","name":"Sz\u00e9ps\u00e9gEsszencia Kozmetika","image":{"@type":"ImageObject","@id":"https:\/\/szepsegesszenciakozmetika.hu\/#personlogo","inLanguage":"en-US","url":"https:\/\/secure.gravatar.com\/avatar\/b6fb204631f38a2b370b28bc02ac2601d34a21c771512dd83e95649ff65440f5?s=96&d=mm&r=g","contentUrl":"https:\/\/secure.gravatar.com\/avatar\/b6fb204631f38a2b370b28bc02ac2601d34a21c771512dd83e95649ff65440f5?s=96&d=mm&r=g","caption":"Sz\u00e9ps\u00e9gEsszencia Kozmetika"},"sameAs":["https:\/\/szepsegesszenciakozmetika.hu"],"url":"https:\/\/szepsegesszenciakozmetika.hu\/index.php\/author\/harmoniakozmetika-hu\/"}]}},"_links":{"self":[{"href":"https:\/\/szepsegesszenciakozmetika.hu\/index.php\/wp-json\/wp\/v2\/posts\/228","targetHints":{"allow":["GET"]}}],"collection":[{"href":"https:\/\/szepsegesszenciakozmetika.hu\/index.php\/wp-json\/wp\/v2\/posts"}],"about":[{"href":"https:\/\/szepsegesszenciakozmetika.hu\/index.php\/wp-json\/wp\/v2\/types\/post"}],"author":[{"embeddable":true,"href":"https:\/\/szepsegesszenciakozmetika.hu\/index.php\/wp-json\/wp\/v2\/users\/1"}],"replies":[{"embeddable":true,"href":"https:\/\/szepsegesszenciakozmetika.hu\/index.php\/wp-json\/wp\/v2\/comments?post=228"}],"version-history":[{"count":4,"href":"https:\/\/szepsegesszenciakozmetika.hu\/index.php\/wp-json\/wp\/v2\/posts\/228\/revisions"}],"predecessor-version":[{"id":918,"href":"https:\/\/szepsegesszenciakozmetika.hu\/index.php\/wp-json\/wp\/v2\/posts\/228\/revisions\/918"}],"wp:featuredmedia":[{"embeddable":true,"href":"https:\/\/szepsegesszenciakozmetika.hu\/index.php\/wp-json\/wp\/v2\/media\/700"}],"wp:attachment":[{"href":"https:\/\/szepsegesszenciakozmetika.hu\/index.php\/wp-json\/wp\/v2\/media?parent=228"}],"wp:term":[{"taxonomy":"category","embeddable":true,"href":"https:\/\/szepsegesszenciakozmetika.hu\/index.php\/wp-json\/wp\/v2\/categories?post=228"},{"taxonomy":"post_tag","embeddable":true,"href":"https:\/\/szepsegesszenciakozmetika.hu\/index.php\/wp-json\/wp\/v2\/tags?post=228"}],"curies":[{"name":"wp","href":"https:\/\/api.w.org\/{rel}","templated":true}]}}