{"id":225,"date":"2022-08-28T14:13:00","date_gmt":"2022-08-28T14:13:00","guid":{"rendered":"http:\/\/szepsegesszenciakozmetika.hu\/?p=225"},"modified":"2022-08-29T12:51:56","modified_gmt":"2022-08-29T12:51:56","slug":"anti-aging","status":"publish","type":"post","link":"https:\/\/szepsegesszenciakozmetika.hu\/index.php\/2022\/08\/28\/anti-aging\/","title":{"rendered":"Anti-aging, regener\u00e1l\u00e1s, rejuven\u00e1ci\u00f3 \u2013 azaz mit tehet\u00fcnk az b\u0151r\u00f6n megjelen\u0151 \u00f6reged\u00e9s jelei ellen?"},"content":{"rendered":"\n<p>Ak\u00e1rmennyire nem szeret\u00fcnk vele szembes\u00fclni \u00e9s szeretn\u00e9nk elker\u00fclni, az \u00f6reged\u00e9s egy term\u00e9szetes, az \u00e9lettel egy\u00fctt j\u00e1r\u00f3 folyamat.<\/p>\n\n\n\n<p>A k\u00e9rd\u00e9s nem az, hogy \u00f6regsz\u00fcnk-e, hanem az, hogy mit tehet\u00fcnk az\u00e9rt, hogy ezt a folyamatot lass\u00edtsuk \u00e9s mit tehet\u00fcnk az\u00e9rt, hogy ezt a folyamatot elfogadjuk magunkon? Tal\u00e1n ez ut\u00f3bbi a nagyobb feladat?<\/p>\n\n\n\n<p>Az \u00f6reged\u00e9si folyamatok magyar\u00e1zat\u00e1ra t\u00f6bbf\u00e9le elm\u00e9let l\u00e9tezik. Az egyik nagy csoport szerint m\u00e1r eleve elrendeltett program szerint zajlik, azaz a g\u00e9njeinkben van k\u00f3dolva, hogy az \u00e9let\u00fcnk sor\u00e1n a sejtjeink csak bizonyos sz\u00e1m\u00fa oszt\u00f3d\u00e1sra k\u00e9pesek, vagy a hormonrendszer\u00fcnkbe l\u00e9p be egy olyan v\u00e1ltoz\u00e1s mely azt\u00e1n kihat az eg\u00e9sz szervezet\u00fcnk homeoszt\u00e1zis\u00e1ra. A m\u00e1sik nagy csoport a v\u00e9letlenszer\u0171 esem\u00e9nyekre alapoz. Ide sorolhatjuk a szabadgy\u00f6k\u00f6k negat\u00edv hat\u00e1s\u00e1t, a k\u00e1ros anyagok felhalmoz\u00f3d\u00e1s\u00e1t a szervezetben, vagy a keresztk\u00f6t\u00e9sek kialakul\u00e1s\u00e1t, azaz a k\u00f6t\u0151sz\u00f6vetben a kollag\u00e9n \u00e9s elasztikus rostok k\u00e9miailag \u00f6sszekapcsol\u00f3dnak, ami v\u00edzvesztes\u00e9get okoz, ez\u00e1ltal cs\u00f6kken a rugalmass\u00e1g \u00e9s az anyagcsere folyamatok is nehezebben mennek v\u00e9gbe. \u00d6sszess\u00e9g\u00e9ben elmondhat\u00f3, hogy ezek k\u00fcl\u00f6nb\u00f6z\u0151 ar\u00e1ny\u00fa kombin\u00e1ci\u00f3ja vezethet az \u00f6reged\u00e9si folyamatok kialakul\u00e1s\u00e1hoz.<\/p>\n\n\n\n<p><strong>Az anti-aging sor\u00e1n a c\u00e9lunk az, hogy<\/strong> a megfelel\u0151 t\u00e1pl\u00e1lkoz\u00e1ssal, \u00e9letm\u00f3ddal, a napi b\u0151r\u00e1pol\u00e1si rutinnal \u00e9s kozmetikai kezel\u00e9sekkel egy\u00fcttesen <strong>stimul\u00e1l\u00f3an hassunk b\u0151r\u00fcnk saj\u00e1t mechanizmusainak \u00fajj\u00e1\u00e9leszt\u00e9se, fenntart\u00e1s\u00e1ra.<\/strong><\/p>\n\n\n\n<p>A kozmetikumokban stimul\u00e1l\u00f3, anti-aging hat\u00f3anyagok k\u00f6z\u00e9 soroland\u00f3 p\u00e9ld\u00e1ul: A-, C-, E-vitaminok, flavonoidok, Q10, \u0151ssejtek, n\u00f6v\u00e9nyi kivonatok, h\u00e1mk\u00e9pz\u0151 savak, hialuronsav stb.<\/p>\n\n\n\n<p>Amit kozmetikusk\u00e9nt szem el\u0151tt tartok, hogy<strong> a haszn\u00e1lt kozmetikum, mindig a b\u0151t\u00edpusunknak, b\u0151r\u00e1llapotunknak megfelel\u0151en legyen kiv\u00e1lasztva<\/strong>. Tov\u00e1bb\u00e1 fontos a napi szint\u0171 otthoni b\u0151r\u00e1pol\u00e1si rutin megl\u00e9te, hogy hossz\u00fa t\u00e1von, prevenci\u00f3 szeml\u00e9lettel gondolkozzunk, hogy amit most, napi mint nap tesz\u00fcnk a b\u0151r\u00fcnk\u00e9rt, az a j\u00f6v\u0151be tett h\u00e1l\u00e1s befektet\u00e9s.<\/p>\n\n\n\n<p><strong>A napi b\u0151r\u00e1pol\u00e1s \u00e9s a rendszeresen kozmetikai kezel\u00e9sek egy\u00fctt, egym\u00e1st er\u0151s\u00edtve, szinergensk\u00e9nt hatnak b\u0151r\u00fcnkre.<\/strong> A megfelel\u0151en kitiszt\u00edtott, peelingezett b\u0151r eset\u00e9ben \u00e9s ellazult \u00e1llapotban a hat\u00f3anyagok penetr\u00e1ci\u00f3ja is hat\u00e9konyabb.<\/p>\n\n\n\n<p><strong>Komplex szeml\u00e9lettel<\/strong> n\u00e9zve, tov\u00e1bbi n\u00e9h\u00e1ny javaslat fiatals\u00e1gunk meg\u0151rz\u00e9s\u00e9hez, szint\u00e9n a teljess\u00e9g ig\u00e9nye n\u00e9lk\u00fcl:<\/p>\n\n\n\n<ul class=\"wp-block-list\"><li>rendszeres mozg\u00e1s<\/li><li>megfelel\u0151 folyad\u00e9kfogyaszt\u00e1s (tiszta v\u00edz, gy\u00f3gyn\u00f6v\u00e9nyes te\u00e1k)<\/li><li>gy\u00fcm\u00f6lcs\u00f6k, z\u00f6lds\u00e9gek napi szint\u0171 fogyaszt\u00e1sa<\/li><li>k\u00fcl\u00f6nb\u00f6z\u0151 stressz kezel\u0151 tev\u00e9kenys\u00e9gek, pl. ill\u00f3olajos testmassz\u00e1zs<\/li><li>ill\u00f3olajok haszn\u00e1lata pl. este, lefekv\u00e9s el\u0151tt egy tengeri s\u00f3s, levendula ill\u00f3olajos f\u00fcrd\u0151<\/li><\/ul>\n\n\n\n<p>K\u00e9p: Pinterest<\/p>\n","protected":false},"excerpt":{"rendered":"<p>Ak\u00e1rmennyire nem szeret\u00fcnk vele szembes\u00fclni \u00e9s szeretn\u00e9nk elker\u00fclni, az \u00f6reged\u00e9s egy term\u00e9szetes, az \u00e9lettel egy\u00fctt j\u00e1r\u00f3 folyamat. A k\u00e9rd\u00e9s nem az, hogy \u00f6regsz\u00fcnk-e, hanem az, hogy mit tehet\u00fcnk az\u00e9rt, hogy ezt a folyamatot lass\u00edtsuk \u00e9s mit tehet\u00fcnk az\u00e9rt, hogy ezt a folyamatot elfogadjuk magunkon? Tal\u00e1n ez ut\u00f3bbi a nagyobb feladat? Az \u00f6reged\u00e9si folyamatok magyar\u00e1zat\u00e1ra t\u00f6bbf\u00e9le [&hellip;]<\/p>\n","protected":false},"author":1,"featured_media":924,"comment_status":"open","ping_status":"open","sticky":false,"template":"","format":"standard","meta":{"footnotes":""},"categories":[1],"tags":[],"class_list":["post-225","post","type-post","status-publish","format-standard","has-post-thumbnail","hentry","category-uncategorized","entry","has-media"],"yoast_head":"<!-- This site is optimized with the Yoast SEO plugin v17.0 - https:\/\/yoast.com\/wordpress\/plugins\/seo\/ -->\n<title>Anti-aging, regener\u00e1l\u00e1s, rejuven\u00e1ci\u00f3 \u2013 azaz mit tehet\u00fcnk az b\u0151r\u00f6n megjelen\u0151 \u00f6reged\u00e9s jelei ellen? - Sz\u00e9ps\u00e9gEsszencia Kozmetika<\/title>\n<meta name=\"robots\" content=\"index, follow, max-snippet:-1, max-image-preview:large, max-video-preview:-1\" \/>\n<link rel=\"canonical\" href=\"https:\/\/szepsegesszenciakozmetika.hu\/index.php\/2022\/08\/28\/anti-aging\/\" \/>\n<meta property=\"og:locale\" content=\"en_US\" \/>\n<meta property=\"og:type\" content=\"article\" \/>\n<meta property=\"og:title\" content=\"Anti-aging, regener\u00e1l\u00e1s, rejuven\u00e1ci\u00f3 \u2013 azaz mit tehet\u00fcnk az b\u0151r\u00f6n megjelen\u0151 \u00f6reged\u00e9s jelei ellen? - Sz\u00e9ps\u00e9gEsszencia Kozmetika\" \/>\n<meta property=\"og:description\" content=\"Ak\u00e1rmennyire nem szeret\u00fcnk vele szembes\u00fclni \u00e9s szeretn\u00e9nk elker\u00fclni, az \u00f6reged\u00e9s egy term\u00e9szetes, az \u00e9lettel egy\u00fctt j\u00e1r\u00f3 folyamat. A k\u00e9rd\u00e9s nem az, hogy \u00f6regsz\u00fcnk-e, hanem az, hogy mit tehet\u00fcnk az\u00e9rt, hogy ezt a folyamatot lass\u00edtsuk \u00e9s mit tehet\u00fcnk az\u00e9rt, hogy ezt a folyamatot elfogadjuk magunkon? Tal\u00e1n ez ut\u00f3bbi a nagyobb feladat? Az \u00f6reged\u00e9si folyamatok magyar\u00e1zat\u00e1ra t\u00f6bbf\u00e9le [&hellip;]\" \/>\n<meta property=\"og:url\" content=\"https:\/\/szepsegesszenciakozmetika.hu\/index.php\/2022\/08\/28\/anti-aging\/\" \/>\n<meta property=\"og:site_name\" content=\"Sz\u00e9ps\u00e9gEsszencia Kozmetika\" \/>\n<meta property=\"article:published_time\" content=\"2022-08-28T14:13:00+00:00\" \/>\n<meta property=\"article:modified_time\" content=\"2022-08-29T12:51:56+00:00\" \/>\n<meta property=\"og:image\" content=\"https:\/\/szepsegesszenciakozmetika.hu\/wp-content\/uploads\/2021\/08\/szepsegesszenciakozmetika_anti-aging_blog.jpg\" \/>\n\t<meta property=\"og:image:width\" content=\"407\" \/>\n\t<meta property=\"og:image:height\" content=\"305\" \/>\n<meta name=\"twitter:card\" content=\"summary_large_image\" \/>\n<meta name=\"twitter:label1\" content=\"Written by\" \/>\n\t<meta name=\"twitter:data1\" content=\"Sz\u00e9ps\u00e9gEsszencia Kozmetika\" \/>\n\t<meta name=\"twitter:label2\" content=\"Est. reading time\" \/>\n\t<meta name=\"twitter:data2\" content=\"2 minutes\" \/>\n<script type=\"application\/ld+json\" class=\"yoast-schema-graph\">{\"@context\":\"https:\/\/schema.org\",\"@graph\":[{\"@type\":\"WebSite\",\"@id\":\"https:\/\/szepsegesszenciakozmetika.hu\/#website\",\"url\":\"https:\/\/szepsegesszenciakozmetika.hu\/\",\"name\":\"Sz\\u00e9ps\\u00e9gEsszencia Kozmetika\",\"description\":\"Sz\\u00e9ps\\u00e9gEsszencia Kozmetika\",\"potentialAction\":[{\"@type\":\"SearchAction\",\"target\":{\"@type\":\"EntryPoint\",\"urlTemplate\":\"https:\/\/szepsegesszenciakozmetika.hu\/?s={search_term_string}\"},\"query-input\":\"required name=search_term_string\"}],\"inLanguage\":\"en-US\"},{\"@type\":\"ImageObject\",\"@id\":\"https:\/\/szepsegesszenciakozmetika.hu\/index.php\/2022\/08\/28\/anti-aging\/#primaryimage\",\"inLanguage\":\"en-US\",\"url\":\"https:\/\/szepsegesszenciakozmetika.hu\/wp-content\/uploads\/2021\/08\/szepsegesszenciakozmetika_anti-aging_blog.jpg\",\"contentUrl\":\"https:\/\/szepsegesszenciakozmetika.hu\/wp-content\/uploads\/2021\/08\/szepsegesszenciakozmetika_anti-aging_blog.jpg\",\"width\":407,\"height\":305},{\"@type\":\"WebPage\",\"@id\":\"https:\/\/szepsegesszenciakozmetika.hu\/index.php\/2022\/08\/28\/anti-aging\/#webpage\",\"url\":\"https:\/\/szepsegesszenciakozmetika.hu\/index.php\/2022\/08\/28\/anti-aging\/\",\"name\":\"Anti-aging, regener\\u00e1l\\u00e1s, rejuven\\u00e1ci\\u00f3 \\u2013 azaz mit tehet\\u00fcnk az b\\u0151r\\u00f6n megjelen\\u0151 \\u00f6reged\\u00e9s jelei ellen? - Sz\\u00e9ps\\u00e9gEsszencia Kozmetika\",\"isPartOf\":{\"@id\":\"https:\/\/szepsegesszenciakozmetika.hu\/#website\"},\"primaryImageOfPage\":{\"@id\":\"https:\/\/szepsegesszenciakozmetika.hu\/index.php\/2022\/08\/28\/anti-aging\/#primaryimage\"},\"datePublished\":\"2022-08-28T14:13:00+00:00\",\"dateModified\":\"2022-08-29T12:51:56+00:00\",\"author\":{\"@id\":\"https:\/\/szepsegesszenciakozmetika.hu\/#\/schema\/person\/9fab83c855f79f70af074fd23aee8b61\"},\"breadcrumb\":{\"@id\":\"https:\/\/szepsegesszenciakozmetika.hu\/index.php\/2022\/08\/28\/anti-aging\/#breadcrumb\"},\"inLanguage\":\"en-US\",\"potentialAction\":[{\"@type\":\"ReadAction\",\"target\":[\"https:\/\/szepsegesszenciakozmetika.hu\/index.php\/2022\/08\/28\/anti-aging\/\"]}]},{\"@type\":\"BreadcrumbList\",\"@id\":\"https:\/\/szepsegesszenciakozmetika.hu\/index.php\/2022\/08\/28\/anti-aging\/#breadcrumb\",\"itemListElement\":[{\"@type\":\"ListItem\",\"position\":1,\"name\":\"Home\",\"item\":\"https:\/\/szepsegesszenciakozmetika.hu\/\"},{\"@type\":\"ListItem\",\"position\":2,\"name\":\"Anti-aging, regener\\u00e1l\\u00e1s, rejuven\\u00e1ci\\u00f3 \\u2013 azaz mit tehet\\u00fcnk az b\\u0151r\\u00f6n megjelen\\u0151 \\u00f6reged\\u00e9s jelei ellen?\"}]},{\"@type\":\"Person\",\"@id\":\"https:\/\/szepsegesszenciakozmetika.hu\/#\/schema\/person\/9fab83c855f79f70af074fd23aee8b61\",\"name\":\"Sz\\u00e9ps\\u00e9gEsszencia Kozmetika\",\"image\":{\"@type\":\"ImageObject\",\"@id\":\"https:\/\/szepsegesszenciakozmetika.hu\/#personlogo\",\"inLanguage\":\"en-US\",\"url\":\"https:\/\/secure.gravatar.com\/avatar\/b6fb204631f38a2b370b28bc02ac2601d34a21c771512dd83e95649ff65440f5?s=96&d=mm&r=g\",\"contentUrl\":\"https:\/\/secure.gravatar.com\/avatar\/b6fb204631f38a2b370b28bc02ac2601d34a21c771512dd83e95649ff65440f5?s=96&d=mm&r=g\",\"caption\":\"Sz\\u00e9ps\\u00e9gEsszencia Kozmetika\"},\"sameAs\":[\"https:\/\/szepsegesszenciakozmetika.hu\"],\"url\":\"https:\/\/szepsegesszenciakozmetika.hu\/index.php\/author\/harmoniakozmetika-hu\/\"}]}<\/script>\n<!-- \/ Yoast SEO plugin. -->","yoast_head_json":{"title":"Anti-aging, regener\u00e1l\u00e1s, rejuven\u00e1ci\u00f3 \u2013 azaz mit tehet\u00fcnk az b\u0151r\u00f6n megjelen\u0151 \u00f6reged\u00e9s jelei ellen? - Sz\u00e9ps\u00e9gEsszencia Kozmetika","robots":{"index":"index","follow":"follow","max-snippet":"max-snippet:-1","max-image-preview":"max-image-preview:large","max-video-preview":"max-video-preview:-1"},"canonical":"https:\/\/szepsegesszenciakozmetika.hu\/index.php\/2022\/08\/28\/anti-aging\/","og_locale":"en_US","og_type":"article","og_title":"Anti-aging, regener\u00e1l\u00e1s, rejuven\u00e1ci\u00f3 \u2013 azaz mit tehet\u00fcnk az b\u0151r\u00f6n megjelen\u0151 \u00f6reged\u00e9s jelei ellen? - Sz\u00e9ps\u00e9gEsszencia Kozmetika","og_description":"Ak\u00e1rmennyire nem szeret\u00fcnk vele szembes\u00fclni \u00e9s szeretn\u00e9nk elker\u00fclni, az \u00f6reged\u00e9s egy term\u00e9szetes, az \u00e9lettel egy\u00fctt j\u00e1r\u00f3 folyamat. A k\u00e9rd\u00e9s nem az, hogy \u00f6regsz\u00fcnk-e, hanem az, hogy mit tehet\u00fcnk az\u00e9rt, hogy ezt a folyamatot lass\u00edtsuk \u00e9s mit tehet\u00fcnk az\u00e9rt, hogy ezt a folyamatot elfogadjuk magunkon? Tal\u00e1n ez ut\u00f3bbi a nagyobb feladat? Az \u00f6reged\u00e9si folyamatok magyar\u00e1zat\u00e1ra t\u00f6bbf\u00e9le [&hellip;]","og_url":"https:\/\/szepsegesszenciakozmetika.hu\/index.php\/2022\/08\/28\/anti-aging\/","og_site_name":"Sz\u00e9ps\u00e9gEsszencia Kozmetika","article_published_time":"2022-08-28T14:13:00+00:00","article_modified_time":"2022-08-29T12:51:56+00:00","og_image":[{"width":407,"height":305,"filesize":16978,"url":"https:\/\/szepsegesszenciakozmetika.hu\/wp-content\/uploads\/2021\/08\/szepsegesszenciakozmetika_anti-aging_blog.jpg","path":"\/var\/www\/web\/clients\/client57\/web280\/web\/wp-content\/uploads\/2021\/08\/szepsegesszenciakozmetika_anti-aging_blog.jpg","size":"full","id":924,"alt":"","pixels":124135,"type":"image\/jpeg"}],"twitter_card":"summary_large_image","twitter_misc":{"Written by":"Sz\u00e9ps\u00e9gEsszencia Kozmetika","Est. reading time":"2 minutes"},"schema":{"@context":"https:\/\/schema.org","@graph":[{"@type":"WebSite","@id":"https:\/\/szepsegesszenciakozmetika.hu\/#website","url":"https:\/\/szepsegesszenciakozmetika.hu\/","name":"Sz\u00e9ps\u00e9gEsszencia Kozmetika","description":"Sz\u00e9ps\u00e9gEsszencia Kozmetika","potentialAction":[{"@type":"SearchAction","target":{"@type":"EntryPoint","urlTemplate":"https:\/\/szepsegesszenciakozmetika.hu\/?s={search_term_string}"},"query-input":"required name=search_term_string"}],"inLanguage":"en-US"},{"@type":"ImageObject","@id":"https:\/\/szepsegesszenciakozmetika.hu\/index.php\/2022\/08\/28\/anti-aging\/#primaryimage","inLanguage":"en-US","url":"https:\/\/szepsegesszenciakozmetika.hu\/wp-content\/uploads\/2021\/08\/szepsegesszenciakozmetika_anti-aging_blog.jpg","contentUrl":"https:\/\/szepsegesszenciakozmetika.hu\/wp-content\/uploads\/2021\/08\/szepsegesszenciakozmetika_anti-aging_blog.jpg","width":407,"height":305},{"@type":"WebPage","@id":"https:\/\/szepsegesszenciakozmetika.hu\/index.php\/2022\/08\/28\/anti-aging\/#webpage","url":"https:\/\/szepsegesszenciakozmetika.hu\/index.php\/2022\/08\/28\/anti-aging\/","name":"Anti-aging, regener\u00e1l\u00e1s, rejuven\u00e1ci\u00f3 \u2013 azaz mit tehet\u00fcnk az b\u0151r\u00f6n megjelen\u0151 \u00f6reged\u00e9s jelei ellen? - Sz\u00e9ps\u00e9gEsszencia Kozmetika","isPartOf":{"@id":"https:\/\/szepsegesszenciakozmetika.hu\/#website"},"primaryImageOfPage":{"@id":"https:\/\/szepsegesszenciakozmetika.hu\/index.php\/2022\/08\/28\/anti-aging\/#primaryimage"},"datePublished":"2022-08-28T14:13:00+00:00","dateModified":"2022-08-29T12:51:56+00:00","author":{"@id":"https:\/\/szepsegesszenciakozmetika.hu\/#\/schema\/person\/9fab83c855f79f70af074fd23aee8b61"},"breadcrumb":{"@id":"https:\/\/szepsegesszenciakozmetika.hu\/index.php\/2022\/08\/28\/anti-aging\/#breadcrumb"},"inLanguage":"en-US","potentialAction":[{"@type":"ReadAction","target":["https:\/\/szepsegesszenciakozmetika.hu\/index.php\/2022\/08\/28\/anti-aging\/"]}]},{"@type":"BreadcrumbList","@id":"https:\/\/szepsegesszenciakozmetika.hu\/index.php\/2022\/08\/28\/anti-aging\/#breadcrumb","itemListElement":[{"@type":"ListItem","position":1,"name":"Home","item":"https:\/\/szepsegesszenciakozmetika.hu\/"},{"@type":"ListItem","position":2,"name":"Anti-aging, regener\u00e1l\u00e1s, rejuven\u00e1ci\u00f3 \u2013 azaz mit tehet\u00fcnk az b\u0151r\u00f6n megjelen\u0151 \u00f6reged\u00e9s jelei ellen?"}]},{"@type":"Person","@id":"https:\/\/szepsegesszenciakozmetika.hu\/#\/schema\/person\/9fab83c855f79f70af074fd23aee8b61","name":"Sz\u00e9ps\u00e9gEsszencia Kozmetika","image":{"@type":"ImageObject","@id":"https:\/\/szepsegesszenciakozmetika.hu\/#personlogo","inLanguage":"en-US","url":"https:\/\/secure.gravatar.com\/avatar\/b6fb204631f38a2b370b28bc02ac2601d34a21c771512dd83e95649ff65440f5?s=96&d=mm&r=g","contentUrl":"https:\/\/secure.gravatar.com\/avatar\/b6fb204631f38a2b370b28bc02ac2601d34a21c771512dd83e95649ff65440f5?s=96&d=mm&r=g","caption":"Sz\u00e9ps\u00e9gEsszencia Kozmetika"},"sameAs":["https:\/\/szepsegesszenciakozmetika.hu"],"url":"https:\/\/szepsegesszenciakozmetika.hu\/index.php\/author\/harmoniakozmetika-hu\/"}]}},"_links":{"self":[{"href":"https:\/\/szepsegesszenciakozmetika.hu\/index.php\/wp-json\/wp\/v2\/posts\/225","targetHints":{"allow":["GET"]}}],"collection":[{"href":"https:\/\/szepsegesszenciakozmetika.hu\/index.php\/wp-json\/wp\/v2\/posts"}],"about":[{"href":"https:\/\/szepsegesszenciakozmetika.hu\/index.php\/wp-json\/wp\/v2\/types\/post"}],"author":[{"embeddable":true,"href":"https:\/\/szepsegesszenciakozmetika.hu\/index.php\/wp-json\/wp\/v2\/users\/1"}],"replies":[{"embeddable":true,"href":"https:\/\/szepsegesszenciakozmetika.hu\/index.php\/wp-json\/wp\/v2\/comments?post=225"}],"version-history":[{"count":3,"href":"https:\/\/szepsegesszenciakozmetika.hu\/index.php\/wp-json\/wp\/v2\/posts\/225\/revisions"}],"predecessor-version":[{"id":926,"href":"https:\/\/szepsegesszenciakozmetika.hu\/index.php\/wp-json\/wp\/v2\/posts\/225\/revisions\/926"}],"wp:featuredmedia":[{"embeddable":true,"href":"https:\/\/szepsegesszenciakozmetika.hu\/index.php\/wp-json\/wp\/v2\/media\/924"}],"wp:attachment":[{"href":"https:\/\/szepsegesszenciakozmetika.hu\/index.php\/wp-json\/wp\/v2\/media?parent=225"}],"wp:term":[{"taxonomy":"category","embeddable":true,"href":"https:\/\/szepsegesszenciakozmetika.hu\/index.php\/wp-json\/wp\/v2\/categories?post=225"},{"taxonomy":"post_tag","embeddable":true,"href":"https:\/\/szepsegesszenciakozmetika.hu\/index.php\/wp-json\/wp\/v2\/tags?post=225"}],"curies":[{"name":"wp","href":"https:\/\/api.w.org\/{rel}","templated":true}]}}