{"id":2179,"date":"2024-06-22T16:19:26","date_gmt":"2024-06-22T16:19:26","guid":{"rendered":"https:\/\/szepsegesszenciakozmetika.hu\/?p=2179"},"modified":"2024-06-22T17:02:59","modified_gmt":"2024-06-22T17:02:59","slug":"fenyvedelem","status":"publish","type":"post","link":"https:\/\/szepsegesszenciakozmetika.hu\/index.php\/2024\/06\/22\/fenyvedelem\/","title":{"rendered":"F\u00e9nyv\u00e9delem"},"content":{"rendered":"\t\t<div data-elementor-type=\"wp-post\" data-elementor-id=\"2179\" class=\"elementor elementor-2179\" data-elementor-settings=\"[]\">\n\t\t\t\t\t\t\t<div class=\"elementor-section-wrap\">\n\t\t\t\t\t\t\t<section class=\"elementor-section elementor-top-section elementor-element elementor-element-436f0bcf elementor-section-boxed elementor-section-height-default elementor-section-height-default\" data-id=\"436f0bcf\" data-element_type=\"section\">\n\t\t\t\t\t\t<div class=\"elementor-container elementor-column-gap-default\">\n\t\t\t\t\t<div class=\"elementor-column elementor-col-100 elementor-top-column elementor-element elementor-element-1e8e6fb4\" data-id=\"1e8e6fb4\" data-element_type=\"column\">\n\t\t\t<div class=\"elementor-widget-wrap elementor-element-populated\">\n\t\t\t\t\t\t\t\t<div class=\"elementor-element elementor-element-1879c328 elementor-widget elementor-widget-text-editor\" data-id=\"1879c328\" data-element_type=\"widget\" data-widget_type=\"text-editor.default\">\n\t\t\t\t<div class=\"elementor-widget-container\">\n\t\t\t\t\t\t\t<p><!-- wp:image {\"id\":2182,\"sizeSlug\":\"full\",\"linkDestination\":\"none\"} --><\/p>\n<h6><img loading=\"lazy\" decoding=\"async\" width=\"720\" height=\"540\" class=\"wp-image-2182\" src=\"https:\/\/szepsegesszenciakozmetika.hu\/wp-content\/uploads\/2024\/06\/Biodroga-fenyvedok.jpg\" alt=\"\" srcset=\"https:\/\/szepsegesszenciakozmetika.hu\/wp-content\/uploads\/2024\/06\/Biodroga-fenyvedok.jpg 720w, https:\/\/szepsegesszenciakozmetika.hu\/wp-content\/uploads\/2024\/06\/Biodroga-fenyvedok-300x225.jpg 300w\" sizes=\"auto, (max-width: 720px) 100vw, 720px\" \/><\/h6>\n<p><!-- \/wp:image --><\/p>\n<p><!-- wp:paragraph --><\/p>\n<p>M\u00e1r 10 f\u00e9le f\u00e9nyv\u00e9d\u0151 term\u00e9k k\u00f6z\u00fcl v\u00e1laszthatsz!<\/p>\n<p><!-- \/wp:paragraph --><\/p>\n<p><!-- wp:paragraph --><\/p>\n<p>Lehet felmer\u00fcl Benned a k\u00e9rd\u00e9ses: \u201eMelyikre is van nekem sz\u00fcks\u00e9gem?\u201d<\/p>\n<p><!-- \/wp:paragraph --><\/p>\n<p><!-- wp:paragraph --><\/p>\n<p>Az al\u00e1bbiakban erre a k\u00e9rd\u00e9sekre pr\u00f3b\u00e1lok neked v\u00e1laszolni \u00e9s seg\u00edteni a d\u00f6nt\u00e9sben \ud83d\ude0a<\/p>\n<p><!-- \/wp:paragraph --><\/p>\n<p><!-- wp:paragraph --><\/p>\n<p>***<\/p>\n<p><!-- \/wp:paragraph --><\/p>\n<p><!-- wp:paragraph --><\/p>\n<p>El\u0151sz\u00f6r is nem biztos, hogy csak egy f\u00e9nyv\u00e9d\u0151 term\u00e9kben kell gondolkoznod! Ig\u00e9ny eset\u00e9n az 50 faktoros kr\u00e9m ut\u00e1n felvihet\u0151 a CC vagy a DD kr\u00e9m is k\u00fcl\u00f6n-k\u00fcl\u00f6n vagy egy\u00fctt is.<\/p>\n<p><!-- \/wp:paragraph --><\/p>\n<p><!-- wp:paragraph --><\/p>\n<p>A v\u00e1laszt\u00e1skor mindig v\u00e9gig kell gondolni, hogy mely term\u00e9k vagy term\u00e9kek illeszkednek legink\u00e1bb az \u00e9letviteledhez.<\/p>\n<p><!-- \/wp:paragraph --><\/p>\n<p><!-- wp:paragraph --><\/p>\n<p>Sok esetben m\u00e1sra van sz\u00fcks\u00e9g a h\u00e9tk\u00f6znapokban \u00e9s m\u00e1sra h\u00e9tv\u00e9g\u00e9ken, nyaral\u00e1skor, szabadban sportol\u00e1skor.<\/p>\n<p><!-- \/wp:paragraph --><\/p>\n<p><!-- wp:paragraph --><\/p>\n<p>P\u00e9ld\u00e1ul<\/p>\n<p><!-- \/wp:paragraph --><\/p>\n<p><!-- wp:paragraph --><\/p>\n<p>\ud83d\udccdegy \u00e1tlagos munkanapon, amikor nem tart\u00f3zkodunk sokat a szabadban a 20-25 faktor elegend\u0151, ekkor reggelente egy sz\u00e9rum \u00e9s a DD kr\u00e9m t\u00f6k\u00e9letes megold\u00e1s.<\/p>\n<p><!-- \/wp:paragraph --><\/p>\n<p><!-- wp:paragraph --><\/p>\n<p>\ud83d\udccd\u00e1m egy olyan napon amikor tal\u00e1n eg\u00e9sz nap a szabadban vagy pl. nyaral\u00e1skor v\u00e1rosn\u00e9z\u00e9s vagy kir\u00e1ndul\u00e1s, strandol\u00e1s eset\u00e9n, akkor m\u00e1r kell az 50 faktoros v\u00e9delem!<\/p>\n<p><!-- \/wp:paragraph --><\/p>\n<p><!-- wp:paragraph --><\/p>\n<p>Az 50 faktoros kr\u00e9mre ig\u00e9ny szerint sminkelhetsz is alapoz\u00f3val, vagy ak\u00e1r a k\u00f6nnyedebb CC vagy DD kr\u00e9met is felviheted, ha szeretn\u00e9d egyenletesebb\u00e9, \u00fcd\u00e9bb\u00e9 var\u00e1zsolni az arcsz\u00edned. Szempillaspir\u00e1llal \u00e9s piros\u00edt\u00f3val t\u00f6k\u00e9letes\u00edtheted a v\u00e9geredm\u00e9nyt.<\/p>\n<p><!-- \/wp:paragraph --><\/p>\n<p><!-- wp:paragraph --><\/p>\n<p>A CC \u00e9s DD term\u00e9kek 3 az 1-ben kr\u00e9mek, hiszen egyszerre \u00e1pol\u00f3 kr\u00e9mek, f\u00e9nyv\u00e9d\u0151 kr\u00e9mek \u00e9s sz\u00ednezett kr\u00e9mek is, ide\u00e1lis v\u00e1laszt\u00e1s ny\u00e1ron, mert garant\u00e1ltan k\u00f6nnyen viselhet\u0151 a melegben is.<\/p>\n<p><!-- \/wp:paragraph --><\/p>\n<p><!-- wp:paragraph --><\/p>\n<p>A f\u00e9nyv\u00e9d\u0151k eset\u00e9ben \u00e1ltal\u00e1noss\u00e1gban figyelni kell arra, hogy otthonr\u00f3l val\u00f3 elindul\u00e1s el\u0151tt minimum f\u00e9l \u00f3r\u00e1val fel kell \u0151ket vinni a b\u0151rre (arc, nyak \u00e9s dekolt\u00e1zs), \u00edgy nem fogsz al\u00e1 izzadni m\u00e9g a nagy melegben m\u00e9g sportol\u00e1s est\u00e9n sem, illetve \u00edgy biztos\u00edtott a megfelel\u0151 f\u00e9nyv\u00e9delem is.<\/p>\n<p>Ny\u00e1ri, reggeli b\u0151r\u00e1pol\u00e1s sorrendje:<\/p>\n<ol>\n<li>arcmos\u00e1s: (probl\u00e9m\u00e1s b\u0151r eset\u00e9n mindig kell lemos\u00f3 term\u00e9ket is haszn\u00e1lni), norm\u00e1l b\u0151r eset\u00e9n elegend\u0151 a sima vizes arcmos\u00e1s<\/li>\n<li>toniz\u00e1l\u00e1s: a tonikb\u0151l 1-2 pump\u00e1nyit a tenyer\u00fcnkbe tesz\u00fcnk \u00e9s finom mozdulatokkal belapogatjuk az arc, nyak, dekolt\u00e1zs ter\u00fclet\u00e9re<\/li>\n<li>sz\u00e9rum: 3 csepp az arcra, +1 nyak, +1-2csepp a dekolt\u00e1zsra, finomat bemassz\u00edrozzuk a b\u0151rbe, megv\u00e1rjuk, hogy felsz\u00edv\u00f3djon<\/li>\n<li>szemk\u00f6rny\u00e9k \u00e1pol\u00f3<\/li>\n<li>\u00e1pol\u00f3 kr\u00e9m: (nem minden esetben, ez egy\u00e9ni, hogy ny\u00e1ron ig\u00e9nyli e a b\u0151r)<\/li>\n<li>f\u00e9nyv\u00e9d\u0151: h\u00e9tk\u00f6znapokon az \u00e9n szem\u00e9lyes kedvencem el\u0151bb a CC pirosass\u00e1gra hajlamos b\u0151rre, majd a DD light<\/li>\n<\/ol>\n<p><!-- \/wp:paragraph --><\/p>\n<p><!-- wp:paragraph --><\/p>\n<p>Fontos, hogy k\u00e1ros \u00f6sszetev\u0151kt\u0151l mentes legyen a v\u00e1lasztott kozmetikumod!<\/p>\n<p><!-- \/wp:paragraph --><\/p>\n<p><!-- wp:paragraph --><\/p>\n<p>Minden Biodroga term\u00e9k:<\/p>\n<p><!-- \/wp:paragraph --><\/p>\n<p><!-- wp:paragraph --><\/p>\n<p>\ud83d\udc97PEG-mentes<\/p>\n<p><!-- \/wp:paragraph --><\/p>\n<p><!-- wp:paragraph --><\/p>\n<p>\ud83d\udc97Szilikon mentes<\/p>\n<p><!-- \/wp:paragraph --><\/p>\n<p><!-- wp:paragraph --><\/p>\n<p>\ud83d\udc97\u00c1sv\u00e1nyi olaj, parab\u00e9n \u00e9s mikrom\u0171anyagt\u00f3l mentes<\/p>\n<p><!-- \/wp:paragraph --><\/p>\n<p><!-- wp:paragraph --><\/p>\n<p>Ha seg\u00edts\u00e9g kell a v\u00e1laszt\u00e1sban keress bizalommal!<\/p><p><br><\/p>\n<p><!-- \/wp:paragraph --><\/p>\t\t\t\t\t\t<\/div>\n\t\t\t\t<\/div>\n\t\t\t\t\t<\/div>\n\t\t<\/div>\n\t\t\t\t\t\t\t<\/div>\n\t\t<\/section>\n\t\t\t\t\t\t<\/div>\n\t\t\t\t\t<\/div>\n\t\t","protected":false},"excerpt":{"rendered":"<p>M\u00e1r 10 f\u00e9le f\u00e9nyv\u00e9d\u0151 term\u00e9k k\u00f6z\u00fcl v\u00e1laszthatsz! Lehet felmer\u00fcl Benned a k\u00e9rd\u00e9ses: \u201eMelyikre is van nekem sz\u00fcks\u00e9gem?\u201d Az al\u00e1bbiakban erre a k\u00e9rd\u00e9sekre pr\u00f3b\u00e1lok neked v\u00e1laszolni \u00e9s seg\u00edteni a d\u00f6nt\u00e9sben \ud83d\ude0a *** El\u0151sz\u00f6r is nem biztos, hogy csak egy f\u00e9nyv\u00e9d\u0151 term\u00e9kben kell gondolkoznod! Ig\u00e9ny eset\u00e9n az 50 faktoros kr\u00e9m ut\u00e1n felvihet\u0151 a CC vagy a DD [&hellip;]<\/p>\n","protected":false},"author":1,"featured_media":2182,"comment_status":"open","ping_status":"open","sticky":false,"template":"","format":"standard","meta":{"footnotes":""},"categories":[1],"tags":[],"class_list":["post-2179","post","type-post","status-publish","format-standard","has-post-thumbnail","hentry","category-uncategorized","entry","has-media"],"yoast_head":"<!-- This site is optimized with the Yoast SEO plugin v17.0 - https:\/\/yoast.com\/wordpress\/plugins\/seo\/ -->\n<title>F\u00e9nyv\u00e9delem - Sz\u00e9ps\u00e9gEsszencia Kozmetika<\/title>\n<meta name=\"robots\" content=\"index, follow, max-snippet:-1, max-image-preview:large, max-video-preview:-1\" \/>\n<link rel=\"canonical\" href=\"https:\/\/szepsegesszenciakozmetika.hu\/index.php\/2024\/06\/22\/fenyvedelem\/\" \/>\n<meta property=\"og:locale\" content=\"en_US\" \/>\n<meta property=\"og:type\" content=\"article\" \/>\n<meta property=\"og:title\" content=\"F\u00e9nyv\u00e9delem - Sz\u00e9ps\u00e9gEsszencia Kozmetika\" \/>\n<meta property=\"og:description\" content=\"M\u00e1r 10 f\u00e9le f\u00e9nyv\u00e9d\u0151 term\u00e9k k\u00f6z\u00fcl v\u00e1laszthatsz! Lehet felmer\u00fcl Benned a k\u00e9rd\u00e9ses: \u201eMelyikre is van nekem sz\u00fcks\u00e9gem?\u201d Az al\u00e1bbiakban erre a k\u00e9rd\u00e9sekre pr\u00f3b\u00e1lok neked v\u00e1laszolni \u00e9s seg\u00edteni a d\u00f6nt\u00e9sben \ud83d\ude0a *** El\u0151sz\u00f6r is nem biztos, hogy csak egy f\u00e9nyv\u00e9d\u0151 term\u00e9kben kell gondolkoznod! Ig\u00e9ny eset\u00e9n az 50 faktoros kr\u00e9m ut\u00e1n felvihet\u0151 a CC vagy a DD [&hellip;]\" \/>\n<meta property=\"og:url\" content=\"https:\/\/szepsegesszenciakozmetika.hu\/index.php\/2024\/06\/22\/fenyvedelem\/\" \/>\n<meta property=\"og:site_name\" content=\"Sz\u00e9ps\u00e9gEsszencia Kozmetika\" \/>\n<meta property=\"article:published_time\" content=\"2024-06-22T16:19:26+00:00\" \/>\n<meta property=\"article:modified_time\" content=\"2024-06-22T17:02:59+00:00\" \/>\n<meta property=\"og:image\" content=\"https:\/\/szepsegesszenciakozmetika.hu\/wp-content\/uploads\/2024\/06\/Biodroga-fenyvedok.jpg\" \/>\n\t<meta property=\"og:image:width\" content=\"720\" \/>\n\t<meta property=\"og:image:height\" content=\"540\" \/>\n<meta name=\"twitter:card\" content=\"summary_large_image\" \/>\n<meta name=\"twitter:label1\" content=\"Written by\" \/>\n\t<meta name=\"twitter:data1\" content=\"Sz\u00e9ps\u00e9gEsszencia Kozmetika\" \/>\n\t<meta name=\"twitter:label2\" content=\"Est. reading time\" \/>\n\t<meta name=\"twitter:data2\" content=\"3 minutes\" \/>\n<script type=\"application\/ld+json\" class=\"yoast-schema-graph\">{\"@context\":\"https:\/\/schema.org\",\"@graph\":[{\"@type\":\"WebSite\",\"@id\":\"https:\/\/szepsegesszenciakozmetika.hu\/#website\",\"url\":\"https:\/\/szepsegesszenciakozmetika.hu\/\",\"name\":\"Sz\\u00e9ps\\u00e9gEsszencia Kozmetika\",\"description\":\"Sz\\u00e9ps\\u00e9gEsszencia Kozmetika\",\"potentialAction\":[{\"@type\":\"SearchAction\",\"target\":{\"@type\":\"EntryPoint\",\"urlTemplate\":\"https:\/\/szepsegesszenciakozmetika.hu\/?s={search_term_string}\"},\"query-input\":\"required name=search_term_string\"}],\"inLanguage\":\"en-US\"},{\"@type\":\"ImageObject\",\"@id\":\"https:\/\/szepsegesszenciakozmetika.hu\/index.php\/2024\/06\/22\/fenyvedelem\/#primaryimage\",\"inLanguage\":\"en-US\",\"url\":\"https:\/\/szepsegesszenciakozmetika.hu\/wp-content\/uploads\/2024\/06\/Biodroga-fenyvedok.jpg\",\"contentUrl\":\"https:\/\/szepsegesszenciakozmetika.hu\/wp-content\/uploads\/2024\/06\/Biodroga-fenyvedok.jpg\",\"width\":720,\"height\":540},{\"@type\":\"WebPage\",\"@id\":\"https:\/\/szepsegesszenciakozmetika.hu\/index.php\/2024\/06\/22\/fenyvedelem\/#webpage\",\"url\":\"https:\/\/szepsegesszenciakozmetika.hu\/index.php\/2024\/06\/22\/fenyvedelem\/\",\"name\":\"F\\u00e9nyv\\u00e9delem - Sz\\u00e9ps\\u00e9gEsszencia Kozmetika\",\"isPartOf\":{\"@id\":\"https:\/\/szepsegesszenciakozmetika.hu\/#website\"},\"primaryImageOfPage\":{\"@id\":\"https:\/\/szepsegesszenciakozmetika.hu\/index.php\/2024\/06\/22\/fenyvedelem\/#primaryimage\"},\"datePublished\":\"2024-06-22T16:19:26+00:00\",\"dateModified\":\"2024-06-22T17:02:59+00:00\",\"author\":{\"@id\":\"https:\/\/szepsegesszenciakozmetika.hu\/#\/schema\/person\/9fab83c855f79f70af074fd23aee8b61\"},\"breadcrumb\":{\"@id\":\"https:\/\/szepsegesszenciakozmetika.hu\/index.php\/2024\/06\/22\/fenyvedelem\/#breadcrumb\"},\"inLanguage\":\"en-US\",\"potentialAction\":[{\"@type\":\"ReadAction\",\"target\":[\"https:\/\/szepsegesszenciakozmetika.hu\/index.php\/2024\/06\/22\/fenyvedelem\/\"]}]},{\"@type\":\"BreadcrumbList\",\"@id\":\"https:\/\/szepsegesszenciakozmetika.hu\/index.php\/2024\/06\/22\/fenyvedelem\/#breadcrumb\",\"itemListElement\":[{\"@type\":\"ListItem\",\"position\":1,\"name\":\"Home\",\"item\":\"https:\/\/szepsegesszenciakozmetika.hu\/\"},{\"@type\":\"ListItem\",\"position\":2,\"name\":\"F\\u00e9nyv\\u00e9delem\"}]},{\"@type\":\"Person\",\"@id\":\"https:\/\/szepsegesszenciakozmetika.hu\/#\/schema\/person\/9fab83c855f79f70af074fd23aee8b61\",\"name\":\"Sz\\u00e9ps\\u00e9gEsszencia Kozmetika\",\"image\":{\"@type\":\"ImageObject\",\"@id\":\"https:\/\/szepsegesszenciakozmetika.hu\/#personlogo\",\"inLanguage\":\"en-US\",\"url\":\"https:\/\/secure.gravatar.com\/avatar\/b6fb204631f38a2b370b28bc02ac2601d34a21c771512dd83e95649ff65440f5?s=96&d=mm&r=g\",\"contentUrl\":\"https:\/\/secure.gravatar.com\/avatar\/b6fb204631f38a2b370b28bc02ac2601d34a21c771512dd83e95649ff65440f5?s=96&d=mm&r=g\",\"caption\":\"Sz\\u00e9ps\\u00e9gEsszencia Kozmetika\"},\"sameAs\":[\"https:\/\/szepsegesszenciakozmetika.hu\"],\"url\":\"https:\/\/szepsegesszenciakozmetika.hu\/index.php\/author\/harmoniakozmetika-hu\/\"}]}<\/script>\n<!-- \/ Yoast SEO plugin. -->","yoast_head_json":{"title":"F\u00e9nyv\u00e9delem - Sz\u00e9ps\u00e9gEsszencia Kozmetika","robots":{"index":"index","follow":"follow","max-snippet":"max-snippet:-1","max-image-preview":"max-image-preview:large","max-video-preview":"max-video-preview:-1"},"canonical":"https:\/\/szepsegesszenciakozmetika.hu\/index.php\/2024\/06\/22\/fenyvedelem\/","og_locale":"en_US","og_type":"article","og_title":"F\u00e9nyv\u00e9delem - Sz\u00e9ps\u00e9gEsszencia Kozmetika","og_description":"M\u00e1r 10 f\u00e9le f\u00e9nyv\u00e9d\u0151 term\u00e9k k\u00f6z\u00fcl v\u00e1laszthatsz! Lehet felmer\u00fcl Benned a k\u00e9rd\u00e9ses: \u201eMelyikre is van nekem sz\u00fcks\u00e9gem?\u201d Az al\u00e1bbiakban erre a k\u00e9rd\u00e9sekre pr\u00f3b\u00e1lok neked v\u00e1laszolni \u00e9s seg\u00edteni a d\u00f6nt\u00e9sben \ud83d\ude0a *** El\u0151sz\u00f6r is nem biztos, hogy csak egy f\u00e9nyv\u00e9d\u0151 term\u00e9kben kell gondolkoznod! Ig\u00e9ny eset\u00e9n az 50 faktoros kr\u00e9m ut\u00e1n felvihet\u0151 a CC vagy a DD [&hellip;]","og_url":"https:\/\/szepsegesszenciakozmetika.hu\/index.php\/2024\/06\/22\/fenyvedelem\/","og_site_name":"Sz\u00e9ps\u00e9gEsszencia Kozmetika","article_published_time":"2024-06-22T16:19:26+00:00","article_modified_time":"2024-06-22T17:02:59+00:00","og_image":[{"width":720,"height":540,"filesize":74353,"url":"https:\/\/szepsegesszenciakozmetika.hu\/wp-content\/uploads\/2024\/06\/Biodroga-fenyvedok.jpg","path":"\/var\/www\/web\/clients\/client57\/web280\/web\/wp-content\/uploads\/2024\/06\/Biodroga-fenyvedok.jpg","size":"full","id":2182,"alt":"","pixels":388800,"type":"image\/jpeg"}],"twitter_card":"summary_large_image","twitter_misc":{"Written by":"Sz\u00e9ps\u00e9gEsszencia Kozmetika","Est. reading time":"3 minutes"},"schema":{"@context":"https:\/\/schema.org","@graph":[{"@type":"WebSite","@id":"https:\/\/szepsegesszenciakozmetika.hu\/#website","url":"https:\/\/szepsegesszenciakozmetika.hu\/","name":"Sz\u00e9ps\u00e9gEsszencia Kozmetika","description":"Sz\u00e9ps\u00e9gEsszencia Kozmetika","potentialAction":[{"@type":"SearchAction","target":{"@type":"EntryPoint","urlTemplate":"https:\/\/szepsegesszenciakozmetika.hu\/?s={search_term_string}"},"query-input":"required name=search_term_string"}],"inLanguage":"en-US"},{"@type":"ImageObject","@id":"https:\/\/szepsegesszenciakozmetika.hu\/index.php\/2024\/06\/22\/fenyvedelem\/#primaryimage","inLanguage":"en-US","url":"https:\/\/szepsegesszenciakozmetika.hu\/wp-content\/uploads\/2024\/06\/Biodroga-fenyvedok.jpg","contentUrl":"https:\/\/szepsegesszenciakozmetika.hu\/wp-content\/uploads\/2024\/06\/Biodroga-fenyvedok.jpg","width":720,"height":540},{"@type":"WebPage","@id":"https:\/\/szepsegesszenciakozmetika.hu\/index.php\/2024\/06\/22\/fenyvedelem\/#webpage","url":"https:\/\/szepsegesszenciakozmetika.hu\/index.php\/2024\/06\/22\/fenyvedelem\/","name":"F\u00e9nyv\u00e9delem - Sz\u00e9ps\u00e9gEsszencia Kozmetika","isPartOf":{"@id":"https:\/\/szepsegesszenciakozmetika.hu\/#website"},"primaryImageOfPage":{"@id":"https:\/\/szepsegesszenciakozmetika.hu\/index.php\/2024\/06\/22\/fenyvedelem\/#primaryimage"},"datePublished":"2024-06-22T16:19:26+00:00","dateModified":"2024-06-22T17:02:59+00:00","author":{"@id":"https:\/\/szepsegesszenciakozmetika.hu\/#\/schema\/person\/9fab83c855f79f70af074fd23aee8b61"},"breadcrumb":{"@id":"https:\/\/szepsegesszenciakozmetika.hu\/index.php\/2024\/06\/22\/fenyvedelem\/#breadcrumb"},"inLanguage":"en-US","potentialAction":[{"@type":"ReadAction","target":["https:\/\/szepsegesszenciakozmetika.hu\/index.php\/2024\/06\/22\/fenyvedelem\/"]}]},{"@type":"BreadcrumbList","@id":"https:\/\/szepsegesszenciakozmetika.hu\/index.php\/2024\/06\/22\/fenyvedelem\/#breadcrumb","itemListElement":[{"@type":"ListItem","position":1,"name":"Home","item":"https:\/\/szepsegesszenciakozmetika.hu\/"},{"@type":"ListItem","position":2,"name":"F\u00e9nyv\u00e9delem"}]},{"@type":"Person","@id":"https:\/\/szepsegesszenciakozmetika.hu\/#\/schema\/person\/9fab83c855f79f70af074fd23aee8b61","name":"Sz\u00e9ps\u00e9gEsszencia Kozmetika","image":{"@type":"ImageObject","@id":"https:\/\/szepsegesszenciakozmetika.hu\/#personlogo","inLanguage":"en-US","url":"https:\/\/secure.gravatar.com\/avatar\/b6fb204631f38a2b370b28bc02ac2601d34a21c771512dd83e95649ff65440f5?s=96&d=mm&r=g","contentUrl":"https:\/\/secure.gravatar.com\/avatar\/b6fb204631f38a2b370b28bc02ac2601d34a21c771512dd83e95649ff65440f5?s=96&d=mm&r=g","caption":"Sz\u00e9ps\u00e9gEsszencia Kozmetika"},"sameAs":["https:\/\/szepsegesszenciakozmetika.hu"],"url":"https:\/\/szepsegesszenciakozmetika.hu\/index.php\/author\/harmoniakozmetika-hu\/"}]}},"_links":{"self":[{"href":"https:\/\/szepsegesszenciakozmetika.hu\/index.php\/wp-json\/wp\/v2\/posts\/2179","targetHints":{"allow":["GET"]}}],"collection":[{"href":"https:\/\/szepsegesszenciakozmetika.hu\/index.php\/wp-json\/wp\/v2\/posts"}],"about":[{"href":"https:\/\/szepsegesszenciakozmetika.hu\/index.php\/wp-json\/wp\/v2\/types\/post"}],"author":[{"embeddable":true,"href":"https:\/\/szepsegesszenciakozmetika.hu\/index.php\/wp-json\/wp\/v2\/users\/1"}],"replies":[{"embeddable":true,"href":"https:\/\/szepsegesszenciakozmetika.hu\/index.php\/wp-json\/wp\/v2\/comments?post=2179"}],"version-history":[{"count":5,"href":"https:\/\/szepsegesszenciakozmetika.hu\/index.php\/wp-json\/wp\/v2\/posts\/2179\/revisions"}],"predecessor-version":[{"id":2191,"href":"https:\/\/szepsegesszenciakozmetika.hu\/index.php\/wp-json\/wp\/v2\/posts\/2179\/revisions\/2191"}],"wp:featuredmedia":[{"embeddable":true,"href":"https:\/\/szepsegesszenciakozmetika.hu\/index.php\/wp-json\/wp\/v2\/media\/2182"}],"wp:attachment":[{"href":"https:\/\/szepsegesszenciakozmetika.hu\/index.php\/wp-json\/wp\/v2\/media?parent=2179"}],"wp:term":[{"taxonomy":"category","embeddable":true,"href":"https:\/\/szepsegesszenciakozmetika.hu\/index.php\/wp-json\/wp\/v2\/categories?post=2179"},{"taxonomy":"post_tag","embeddable":true,"href":"https:\/\/szepsegesszenciakozmetika.hu\/index.php\/wp-json\/wp\/v2\/tags?post=2179"}],"curies":[{"name":"wp","href":"https:\/\/api.w.org\/{rel}","templated":true}]}}