{"id":1188,"date":"2023-06-25T19:06:22","date_gmt":"2023-06-25T19:06:22","guid":{"rendered":"https:\/\/szepsegesszenciakozmetika.hu\/?p=1188"},"modified":"2023-06-25T19:15:41","modified_gmt":"2023-06-25T19:15:41","slug":"a-kozmetika-szabadsaga-es-a-masszazs-ereje","status":"publish","type":"post","link":"https:\/\/szepsegesszenciakozmetika.hu\/index.php\/2023\/06\/25\/a-kozmetika-szabadsaga-es-a-masszazs-ereje\/","title":{"rendered":"A kozmetika szabads\u00e1ga \u00e9s a massz\u00e1zs ereje!"},"content":{"rendered":"\n<p>A kozmetika szabads\u00e1ga azt jelenti sz\u00e1momra, hogy az arckezel\u00e9sek eset\u00e9ben nem k\u00f6t\u00f6tt term\u00e9ksorokkal dolgozom, hanem mindig az adott Vend\u00e9g ig\u00e9nyeire szabott kezel\u00e9seket \u00e1ll\u00edtok \u00f6ssze. Hiszem \u00e9s tudom, hogy a massz\u00e1zsban rejl\u0151 er\u0151 seg\u00edti a sz\u00f6vetek, a b\u0151r eg\u00e9szs\u00e9ges m\u0171k\u00f6d\u00e9s\u00e9t \u00e9s elk\u00e9peszt\u0151 pihentet\u0151 a test \u00e9s l\u00e9lek sz\u00e1m\u00e1ra egyar\u00e1nt.<\/p>\n\n\n\n<p>A mai csod\u00e1latos Vend\u00e9gem az al\u00e1bbi BIODROGA kezel\u00e9st kapta t\u0151lem:<\/p>\n\n\n\n<p>\ud83c\udf38Arctiszt\u00edt\u00e1s<\/p>\n\n\n\n<p>\ud83c\udf38Szemcs\u00e9s arcrad\u00edroz\u00e1s, mely sor\u00e1n jojobagy\u00f6ngy\u00f6k \u00e9s bambusz kivonat seg\u00edtette az elhalt h\u00e1msejtek k\u00edm\u00e9letes elt\u00e1vol\u00edt\u00e1s\u00e1t<\/p>\n\n\n\n<p>\ud83c\udf38Ezut\u00e1n Vitamin boost sz\u00e9rumot ultrahangoztam az arc ter\u00fclet\u00e9n az egyenletes, ragyog\u00f3 \u00e9s term\u00e9szetes arcb\u0151r\u00e9rt, a Vitamin boost sz\u00e9rum f\u0151 hat\u00f3anyagai a C-vitamin, niacinamid, panthenol, fructo-oligoszacharidok \u00e9s cukor\u00e9pa kivonat<\/p>\n\n\n\n<p>\ud83c\udf38Majd nyugtat\u00f3 kr\u00e9mpakol\u00e1s k\u00f6vetkezett, igaz\u00e1n kr\u00e9mes \u00e9s s\u0171r\u0171 text\u00far\u00e1j\u00fa maszk, mely a b\u0151r sz\u00e1m\u00e1ra egy komplett h\u00f3anyag bomba: t\u00f6bbek k\u00f6z\u00f6tt a b\u0151r megfelel\u0151 v\u00e9dekez\u0151 funkci\u00f3j\u00e1t t\u00e1mogat\u00f3 linolsavat \u00e9s linol\u00e9nsavat, hidrat\u00e1l\u00f3 szacharidot, a b\u0151r mikrobiom eg\u00e9szs\u00e9g\u00e9hez hozz\u00e1j\u00e1rul\u00f3 prebiotikumokat, \u00e9rt\u00e9kes n\u00f6v\u00e9nyi olajokat (kender-, jojoba-, mandulaolaj) tartalmaz.<\/p>\n\n\n\n<p>\ud83c\udf38A maszk hat\u00f3ideje alatt \u2013 kb. 15-20 perc \u2013 dekolt\u00e1zs \u00e9s karmassz\u00e1zs k\u00f6vetkezett, ezut\u00e1n pedig a k\u00f6vetkez\u0151 20 percben arcmassz\u00e1zs. \u00d6sszesen 35-40 perc massz\u00e1zs!<\/p>\n\n\n\n<p>A kezel\u00e9s kb. 1,5 \u00f3ra tiszta pihen\u00e9s \u00e9s felt\u00f6lt\u0151d\u00e9s.<\/p>\n","protected":false},"excerpt":{"rendered":"<p>A kozmetika szabads\u00e1ga azt jelenti sz\u00e1momra, hogy az arckezel\u00e9sek eset\u00e9ben nem k\u00f6t\u00f6tt term\u00e9ksorokkal dolgozom, hanem mindig az adott Vend\u00e9g ig\u00e9nyeire szabott kezel\u00e9seket \u00e1ll\u00edtok \u00f6ssze. Hiszem \u00e9s tudom, hogy a massz\u00e1zsban rejl\u0151 er\u0151 seg\u00edti a sz\u00f6vetek, a b\u0151r eg\u00e9szs\u00e9ges m\u0171k\u00f6d\u00e9s\u00e9t \u00e9s elk\u00e9peszt\u0151 pihentet\u0151 a test \u00e9s l\u00e9lek sz\u00e1m\u00e1ra egyar\u00e1nt. A mai csod\u00e1latos Vend\u00e9gem az al\u00e1bbi BIODROGA [&hellip;]<\/p>\n","protected":false},"author":1,"featured_media":1189,"comment_status":"open","ping_status":"open","sticky":false,"template":"","format":"standard","meta":{"footnotes":""},"categories":[1],"tags":[],"class_list":["post-1188","post","type-post","status-publish","format-standard","has-post-thumbnail","hentry","category-uncategorized","entry","has-media"],"yoast_head":"<!-- This site is optimized with the Yoast SEO plugin v17.0 - https:\/\/yoast.com\/wordpress\/plugins\/seo\/ -->\n<title>A kozmetika szabads\u00e1ga \u00e9s a massz\u00e1zs ereje! - Sz\u00e9ps\u00e9gEsszencia Kozmetika<\/title>\n<meta name=\"robots\" content=\"index, follow, max-snippet:-1, max-image-preview:large, max-video-preview:-1\" \/>\n<link rel=\"canonical\" href=\"https:\/\/szepsegesszenciakozmetika.hu\/index.php\/2023\/06\/25\/a-kozmetika-szabadsaga-es-a-masszazs-ereje\/\" \/>\n<meta property=\"og:locale\" content=\"en_US\" \/>\n<meta property=\"og:type\" content=\"article\" \/>\n<meta property=\"og:title\" content=\"A kozmetika szabads\u00e1ga \u00e9s a massz\u00e1zs ereje! - Sz\u00e9ps\u00e9gEsszencia Kozmetika\" \/>\n<meta property=\"og:description\" content=\"A kozmetika szabads\u00e1ga azt jelenti sz\u00e1momra, hogy az arckezel\u00e9sek eset\u00e9ben nem k\u00f6t\u00f6tt term\u00e9ksorokkal dolgozom, hanem mindig az adott Vend\u00e9g ig\u00e9nyeire szabott kezel\u00e9seket \u00e1ll\u00edtok \u00f6ssze. Hiszem \u00e9s tudom, hogy a massz\u00e1zsban rejl\u0151 er\u0151 seg\u00edti a sz\u00f6vetek, a b\u0151r eg\u00e9szs\u00e9ges m\u0171k\u00f6d\u00e9s\u00e9t \u00e9s elk\u00e9peszt\u0151 pihentet\u0151 a test \u00e9s l\u00e9lek sz\u00e1m\u00e1ra egyar\u00e1nt. A mai csod\u00e1latos Vend\u00e9gem az al\u00e1bbi BIODROGA [&hellip;]\" \/>\n<meta property=\"og:url\" content=\"https:\/\/szepsegesszenciakozmetika.hu\/index.php\/2023\/06\/25\/a-kozmetika-szabadsaga-es-a-masszazs-ereje\/\" \/>\n<meta property=\"og:site_name\" content=\"Sz\u00e9ps\u00e9gEsszencia Kozmetika\" \/>\n<meta property=\"article:published_time\" content=\"2023-06-25T19:06:22+00:00\" \/>\n<meta property=\"article:modified_time\" content=\"2023-06-25T19:15:41+00:00\" \/>\n<meta property=\"og:image\" content=\"https:\/\/szepsegesszenciakozmetika.hu\/wp-content\/uploads\/2023\/06\/Anyak-napja-2023.jpg\" \/>\n\t<meta property=\"og:image:width\" content=\"960\" \/>\n\t<meta property=\"og:image:height\" content=\"1280\" \/>\n<meta name=\"twitter:card\" content=\"summary_large_image\" \/>\n<meta name=\"twitter:label1\" content=\"Written by\" \/>\n\t<meta name=\"twitter:data1\" content=\"Sz\u00e9ps\u00e9gEsszencia Kozmetika\" \/>\n\t<meta name=\"twitter:label2\" content=\"Est. reading time\" \/>\n\t<meta name=\"twitter:data2\" content=\"1 minute\" \/>\n<script type=\"application\/ld+json\" class=\"yoast-schema-graph\">{\"@context\":\"https:\/\/schema.org\",\"@graph\":[{\"@type\":\"WebSite\",\"@id\":\"https:\/\/szepsegesszenciakozmetika.hu\/#website\",\"url\":\"https:\/\/szepsegesszenciakozmetika.hu\/\",\"name\":\"Sz\\u00e9ps\\u00e9gEsszencia Kozmetika\",\"description\":\"Sz\\u00e9ps\\u00e9gEsszencia Kozmetika\",\"potentialAction\":[{\"@type\":\"SearchAction\",\"target\":{\"@type\":\"EntryPoint\",\"urlTemplate\":\"https:\/\/szepsegesszenciakozmetika.hu\/?s={search_term_string}\"},\"query-input\":\"required name=search_term_string\"}],\"inLanguage\":\"en-US\"},{\"@type\":\"ImageObject\",\"@id\":\"https:\/\/szepsegesszenciakozmetika.hu\/index.php\/2023\/06\/25\/a-kozmetika-szabadsaga-es-a-masszazs-ereje\/#primaryimage\",\"inLanguage\":\"en-US\",\"url\":\"https:\/\/szepsegesszenciakozmetika.hu\/wp-content\/uploads\/2023\/06\/Anyak-napja-2023.jpg\",\"contentUrl\":\"https:\/\/szepsegesszenciakozmetika.hu\/wp-content\/uploads\/2023\/06\/Anyak-napja-2023.jpg\",\"width\":960,\"height\":1280},{\"@type\":\"WebPage\",\"@id\":\"https:\/\/szepsegesszenciakozmetika.hu\/index.php\/2023\/06\/25\/a-kozmetika-szabadsaga-es-a-masszazs-ereje\/#webpage\",\"url\":\"https:\/\/szepsegesszenciakozmetika.hu\/index.php\/2023\/06\/25\/a-kozmetika-szabadsaga-es-a-masszazs-ereje\/\",\"name\":\"A kozmetika szabads\\u00e1ga \\u00e9s a massz\\u00e1zs ereje! - Sz\\u00e9ps\\u00e9gEsszencia Kozmetika\",\"isPartOf\":{\"@id\":\"https:\/\/szepsegesszenciakozmetika.hu\/#website\"},\"primaryImageOfPage\":{\"@id\":\"https:\/\/szepsegesszenciakozmetika.hu\/index.php\/2023\/06\/25\/a-kozmetika-szabadsaga-es-a-masszazs-ereje\/#primaryimage\"},\"datePublished\":\"2023-06-25T19:06:22+00:00\",\"dateModified\":\"2023-06-25T19:15:41+00:00\",\"author\":{\"@id\":\"https:\/\/szepsegesszenciakozmetika.hu\/#\/schema\/person\/9fab83c855f79f70af074fd23aee8b61\"},\"breadcrumb\":{\"@id\":\"https:\/\/szepsegesszenciakozmetika.hu\/index.php\/2023\/06\/25\/a-kozmetika-szabadsaga-es-a-masszazs-ereje\/#breadcrumb\"},\"inLanguage\":\"en-US\",\"potentialAction\":[{\"@type\":\"ReadAction\",\"target\":[\"https:\/\/szepsegesszenciakozmetika.hu\/index.php\/2023\/06\/25\/a-kozmetika-szabadsaga-es-a-masszazs-ereje\/\"]}]},{\"@type\":\"BreadcrumbList\",\"@id\":\"https:\/\/szepsegesszenciakozmetika.hu\/index.php\/2023\/06\/25\/a-kozmetika-szabadsaga-es-a-masszazs-ereje\/#breadcrumb\",\"itemListElement\":[{\"@type\":\"ListItem\",\"position\":1,\"name\":\"Home\",\"item\":\"https:\/\/szepsegesszenciakozmetika.hu\/\"},{\"@type\":\"ListItem\",\"position\":2,\"name\":\"A kozmetika szabads\\u00e1ga \\u00e9s a massz\\u00e1zs ereje!\"}]},{\"@type\":\"Person\",\"@id\":\"https:\/\/szepsegesszenciakozmetika.hu\/#\/schema\/person\/9fab83c855f79f70af074fd23aee8b61\",\"name\":\"Sz\\u00e9ps\\u00e9gEsszencia Kozmetika\",\"image\":{\"@type\":\"ImageObject\",\"@id\":\"https:\/\/szepsegesszenciakozmetika.hu\/#personlogo\",\"inLanguage\":\"en-US\",\"url\":\"https:\/\/secure.gravatar.com\/avatar\/b6fb204631f38a2b370b28bc02ac2601d34a21c771512dd83e95649ff65440f5?s=96&d=mm&r=g\",\"contentUrl\":\"https:\/\/secure.gravatar.com\/avatar\/b6fb204631f38a2b370b28bc02ac2601d34a21c771512dd83e95649ff65440f5?s=96&d=mm&r=g\",\"caption\":\"Sz\\u00e9ps\\u00e9gEsszencia Kozmetika\"},\"sameAs\":[\"https:\/\/szepsegesszenciakozmetika.hu\"],\"url\":\"https:\/\/szepsegesszenciakozmetika.hu\/index.php\/author\/harmoniakozmetika-hu\/\"}]}<\/script>\n<!-- \/ Yoast SEO plugin. -->","yoast_head_json":{"title":"A kozmetika szabads\u00e1ga \u00e9s a massz\u00e1zs ereje! - Sz\u00e9ps\u00e9gEsszencia Kozmetika","robots":{"index":"index","follow":"follow","max-snippet":"max-snippet:-1","max-image-preview":"max-image-preview:large","max-video-preview":"max-video-preview:-1"},"canonical":"https:\/\/szepsegesszenciakozmetika.hu\/index.php\/2023\/06\/25\/a-kozmetika-szabadsaga-es-a-masszazs-ereje\/","og_locale":"en_US","og_type":"article","og_title":"A kozmetika szabads\u00e1ga \u00e9s a massz\u00e1zs ereje! - Sz\u00e9ps\u00e9gEsszencia Kozmetika","og_description":"A kozmetika szabads\u00e1ga azt jelenti sz\u00e1momra, hogy az arckezel\u00e9sek eset\u00e9ben nem k\u00f6t\u00f6tt term\u00e9ksorokkal dolgozom, hanem mindig az adott Vend\u00e9g ig\u00e9nyeire szabott kezel\u00e9seket \u00e1ll\u00edtok \u00f6ssze. Hiszem \u00e9s tudom, hogy a massz\u00e1zsban rejl\u0151 er\u0151 seg\u00edti a sz\u00f6vetek, a b\u0151r eg\u00e9szs\u00e9ges m\u0171k\u00f6d\u00e9s\u00e9t \u00e9s elk\u00e9peszt\u0151 pihentet\u0151 a test \u00e9s l\u00e9lek sz\u00e1m\u00e1ra egyar\u00e1nt. A mai csod\u00e1latos Vend\u00e9gem az al\u00e1bbi BIODROGA [&hellip;]","og_url":"https:\/\/szepsegesszenciakozmetika.hu\/index.php\/2023\/06\/25\/a-kozmetika-szabadsaga-es-a-masszazs-ereje\/","og_site_name":"Sz\u00e9ps\u00e9gEsszencia Kozmetika","article_published_time":"2023-06-25T19:06:22+00:00","article_modified_time":"2023-06-25T19:15:41+00:00","og_image":[{"width":960,"height":1280,"filesize":202162,"url":"https:\/\/szepsegesszenciakozmetika.hu\/wp-content\/uploads\/2023\/06\/Anyak-napja-2023.jpg","path":"\/var\/www\/web\/clients\/client57\/web280\/web\/wp-content\/uploads\/2023\/06\/Anyak-napja-2023.jpg","size":"full","id":1189,"alt":"","pixels":1228800,"type":"image\/jpeg"}],"twitter_card":"summary_large_image","twitter_misc":{"Written by":"Sz\u00e9ps\u00e9gEsszencia Kozmetika","Est. reading time":"1 minute"},"schema":{"@context":"https:\/\/schema.org","@graph":[{"@type":"WebSite","@id":"https:\/\/szepsegesszenciakozmetika.hu\/#website","url":"https:\/\/szepsegesszenciakozmetika.hu\/","name":"Sz\u00e9ps\u00e9gEsszencia Kozmetika","description":"Sz\u00e9ps\u00e9gEsszencia Kozmetika","potentialAction":[{"@type":"SearchAction","target":{"@type":"EntryPoint","urlTemplate":"https:\/\/szepsegesszenciakozmetika.hu\/?s={search_term_string}"},"query-input":"required name=search_term_string"}],"inLanguage":"en-US"},{"@type":"ImageObject","@id":"https:\/\/szepsegesszenciakozmetika.hu\/index.php\/2023\/06\/25\/a-kozmetika-szabadsaga-es-a-masszazs-ereje\/#primaryimage","inLanguage":"en-US","url":"https:\/\/szepsegesszenciakozmetika.hu\/wp-content\/uploads\/2023\/06\/Anyak-napja-2023.jpg","contentUrl":"https:\/\/szepsegesszenciakozmetika.hu\/wp-content\/uploads\/2023\/06\/Anyak-napja-2023.jpg","width":960,"height":1280},{"@type":"WebPage","@id":"https:\/\/szepsegesszenciakozmetika.hu\/index.php\/2023\/06\/25\/a-kozmetika-szabadsaga-es-a-masszazs-ereje\/#webpage","url":"https:\/\/szepsegesszenciakozmetika.hu\/index.php\/2023\/06\/25\/a-kozmetika-szabadsaga-es-a-masszazs-ereje\/","name":"A kozmetika szabads\u00e1ga \u00e9s a massz\u00e1zs ereje! - Sz\u00e9ps\u00e9gEsszencia Kozmetika","isPartOf":{"@id":"https:\/\/szepsegesszenciakozmetika.hu\/#website"},"primaryImageOfPage":{"@id":"https:\/\/szepsegesszenciakozmetika.hu\/index.php\/2023\/06\/25\/a-kozmetika-szabadsaga-es-a-masszazs-ereje\/#primaryimage"},"datePublished":"2023-06-25T19:06:22+00:00","dateModified":"2023-06-25T19:15:41+00:00","author":{"@id":"https:\/\/szepsegesszenciakozmetika.hu\/#\/schema\/person\/9fab83c855f79f70af074fd23aee8b61"},"breadcrumb":{"@id":"https:\/\/szepsegesszenciakozmetika.hu\/index.php\/2023\/06\/25\/a-kozmetika-szabadsaga-es-a-masszazs-ereje\/#breadcrumb"},"inLanguage":"en-US","potentialAction":[{"@type":"ReadAction","target":["https:\/\/szepsegesszenciakozmetika.hu\/index.php\/2023\/06\/25\/a-kozmetika-szabadsaga-es-a-masszazs-ereje\/"]}]},{"@type":"BreadcrumbList","@id":"https:\/\/szepsegesszenciakozmetika.hu\/index.php\/2023\/06\/25\/a-kozmetika-szabadsaga-es-a-masszazs-ereje\/#breadcrumb","itemListElement":[{"@type":"ListItem","position":1,"name":"Home","item":"https:\/\/szepsegesszenciakozmetika.hu\/"},{"@type":"ListItem","position":2,"name":"A kozmetika szabads\u00e1ga \u00e9s a massz\u00e1zs ereje!"}]},{"@type":"Person","@id":"https:\/\/szepsegesszenciakozmetika.hu\/#\/schema\/person\/9fab83c855f79f70af074fd23aee8b61","name":"Sz\u00e9ps\u00e9gEsszencia Kozmetika","image":{"@type":"ImageObject","@id":"https:\/\/szepsegesszenciakozmetika.hu\/#personlogo","inLanguage":"en-US","url":"https:\/\/secure.gravatar.com\/avatar\/b6fb204631f38a2b370b28bc02ac2601d34a21c771512dd83e95649ff65440f5?s=96&d=mm&r=g","contentUrl":"https:\/\/secure.gravatar.com\/avatar\/b6fb204631f38a2b370b28bc02ac2601d34a21c771512dd83e95649ff65440f5?s=96&d=mm&r=g","caption":"Sz\u00e9ps\u00e9gEsszencia Kozmetika"},"sameAs":["https:\/\/szepsegesszenciakozmetika.hu"],"url":"https:\/\/szepsegesszenciakozmetika.hu\/index.php\/author\/harmoniakozmetika-hu\/"}]}},"_links":{"self":[{"href":"https:\/\/szepsegesszenciakozmetika.hu\/index.php\/wp-json\/wp\/v2\/posts\/1188","targetHints":{"allow":["GET"]}}],"collection":[{"href":"https:\/\/szepsegesszenciakozmetika.hu\/index.php\/wp-json\/wp\/v2\/posts"}],"about":[{"href":"https:\/\/szepsegesszenciakozmetika.hu\/index.php\/wp-json\/wp\/v2\/types\/post"}],"author":[{"embeddable":true,"href":"https:\/\/szepsegesszenciakozmetika.hu\/index.php\/wp-json\/wp\/v2\/users\/1"}],"replies":[{"embeddable":true,"href":"https:\/\/szepsegesszenciakozmetika.hu\/index.php\/wp-json\/wp\/v2\/comments?post=1188"}],"version-history":[{"count":1,"href":"https:\/\/szepsegesszenciakozmetika.hu\/index.php\/wp-json\/wp\/v2\/posts\/1188\/revisions"}],"predecessor-version":[{"id":1190,"href":"https:\/\/szepsegesszenciakozmetika.hu\/index.php\/wp-json\/wp\/v2\/posts\/1188\/revisions\/1190"}],"wp:featuredmedia":[{"embeddable":true,"href":"https:\/\/szepsegesszenciakozmetika.hu\/index.php\/wp-json\/wp\/v2\/media\/1189"}],"wp:attachment":[{"href":"https:\/\/szepsegesszenciakozmetika.hu\/index.php\/wp-json\/wp\/v2\/media?parent=1188"}],"wp:term":[{"taxonomy":"category","embeddable":true,"href":"https:\/\/szepsegesszenciakozmetika.hu\/index.php\/wp-json\/wp\/v2\/categories?post=1188"},{"taxonomy":"post_tag","embeddable":true,"href":"https:\/\/szepsegesszenciakozmetika.hu\/index.php\/wp-json\/wp\/v2\/tags?post=1188"}],"curies":[{"name":"wp","href":"https:\/\/api.w.org\/{rel}","templated":true}]}}