{"id":1185,"date":"2023-06-25T19:03:28","date_gmt":"2023-06-25T19:03:28","guid":{"rendered":"https:\/\/szepsegesszenciakozmetika.hu\/?p=1185"},"modified":"2023-06-25T19:03:28","modified_gmt":"2023-06-25T19:03:28","slug":"minden-kozmetikumnak-celja-kell-legyen-szamodra","status":"publish","type":"post","link":"https:\/\/szepsegesszenciakozmetika.hu\/index.php\/2023\/06\/25\/minden-kozmetikumnak-celja-kell-legyen-szamodra\/","title":{"rendered":"Minden kozmetikumnak c\u00e9lja kell legyen sz\u00e1modra!"},"content":{"rendered":"\n<p>Nem az a l\u00e9nyeg, hogy sok term\u00e9ket haszn\u00e1ljunk, vagy mi is haszn\u00e1ljunk savakat, mert az most divatos. Az a l\u00e9nyeg, hogy mindenki megtal\u00e1lja azt a 3-4-5 kozmetikumot, ami neki val\u00f3, ami az \u0151 b\u0151r\u00e1pol\u00e1si c\u00e9ljait szolg\u00e1lja \u00e9s amit \u00f6r\u00f6mmel haszn\u00e1l, amivel kapcsolatban azt \u00e9rzi, hogy \u201eim\u00e1dom\u201d \ud83d\ude0d<\/p>\n\n\n\n<p>Im\u00e1dom, mert j\u00f3 \u00e9rz\u00e9s haszn\u00e1lni \u00e9s mert hozza azt az eredm\u00e9nyt, amit szeretn\u00e9k!<\/p>\n\n\n\n<p>Egy alap rutin az al\u00e1bbiakb\u00f3l \u00e1ll:<br>Tiszt\u00edt\u00f3 -&gt; Tonik -&gt; (Sz\u00e9rum) -&gt; \u00c1pol\u00f3 kr\u00e9m -&gt; F\u00e9nyv\u00e9d\u0151<\/p>\n\n\n\n<p>\u00c9rdemes sz\u00e1m\u00edt\u00e1sba venni, hogy ugyanazon term\u00e9kcsal\u00e1db\u00f3l v\u00e1lasztott otthoni rutin hat\u00e9konyabb eredm\u00e9nnyel szolg\u00e1lhat, mivel szinergensk\u00e9nt (egym\u00e1st er\u0151s\u00edtve) m\u0171k\u00f6dnek.<\/p>\n\n\n\n<p>A k\u00edv\u00e1nt c\u00e9l ment\u00e9n v\u00e9gzett tudatos \u00e9s rendszeres b\u0151r\u00e1pol\u00e1s egy befektet\u00e9s, egy olyan mindennapi tev\u00e9kenys\u00e9g, amit megh\u00e1l\u00e1l a b\u0151r\u00fcnk. Olyan tev\u00e9kenys\u00e9g, ahogy fogat mosunk reggel \u00e9s este. \ud83d\ude0a<\/p>\n\n\n\n<p><\/p>\n","protected":false},"excerpt":{"rendered":"<p>Nem az a l\u00e9nyeg, hogy sok term\u00e9ket haszn\u00e1ljunk, vagy mi is haszn\u00e1ljunk savakat, mert az most divatos. Az a l\u00e9nyeg, hogy mindenki megtal\u00e1lja azt a 3-4-5 kozmetikumot, ami neki val\u00f3, ami az \u0151 b\u0151r\u00e1pol\u00e1si c\u00e9ljait szolg\u00e1lja \u00e9s amit \u00f6r\u00f6mmel haszn\u00e1l, amivel kapcsolatban azt \u00e9rzi, hogy \u201eim\u00e1dom\u201d \ud83d\ude0d Im\u00e1dom, mert j\u00f3 \u00e9rz\u00e9s haszn\u00e1lni \u00e9s mert hozza [&hellip;]<\/p>\n","protected":false},"author":1,"featured_media":1186,"comment_status":"open","ping_status":"open","sticky":false,"template":"","format":"standard","meta":{"footnotes":""},"categories":[1],"tags":[],"class_list":["post-1185","post","type-post","status-publish","format-standard","has-post-thumbnail","hentry","category-uncategorized","entry","has-media"],"yoast_head":"<!-- This site is optimized with the Yoast SEO plugin v17.0 - https:\/\/yoast.com\/wordpress\/plugins\/seo\/ -->\n<title>Minden kozmetikumnak c\u00e9lja kell legyen sz\u00e1modra! - Sz\u00e9ps\u00e9gEsszencia Kozmetika<\/title>\n<meta name=\"robots\" content=\"index, follow, max-snippet:-1, max-image-preview:large, max-video-preview:-1\" \/>\n<link rel=\"canonical\" href=\"https:\/\/szepsegesszenciakozmetika.hu\/index.php\/2023\/06\/25\/minden-kozmetikumnak-celja-kell-legyen-szamodra\/\" \/>\n<meta property=\"og:locale\" content=\"en_US\" \/>\n<meta property=\"og:type\" content=\"article\" \/>\n<meta property=\"og:title\" content=\"Minden kozmetikumnak c\u00e9lja kell legyen sz\u00e1modra! - Sz\u00e9ps\u00e9gEsszencia Kozmetika\" \/>\n<meta property=\"og:description\" content=\"Nem az a l\u00e9nyeg, hogy sok term\u00e9ket haszn\u00e1ljunk, vagy mi is haszn\u00e1ljunk savakat, mert az most divatos. Az a l\u00e9nyeg, hogy mindenki megtal\u00e1lja azt a 3-4-5 kozmetikumot, ami neki val\u00f3, ami az \u0151 b\u0151r\u00e1pol\u00e1si c\u00e9ljait szolg\u00e1lja \u00e9s amit \u00f6r\u00f6mmel haszn\u00e1l, amivel kapcsolatban azt \u00e9rzi, hogy \u201eim\u00e1dom\u201d \ud83d\ude0d Im\u00e1dom, mert j\u00f3 \u00e9rz\u00e9s haszn\u00e1lni \u00e9s mert hozza [&hellip;]\" \/>\n<meta property=\"og:url\" content=\"https:\/\/szepsegesszenciakozmetika.hu\/index.php\/2023\/06\/25\/minden-kozmetikumnak-celja-kell-legyen-szamodra\/\" \/>\n<meta property=\"og:site_name\" content=\"Sz\u00e9ps\u00e9gEsszencia Kozmetika\" \/>\n<meta property=\"article:published_time\" content=\"2023-06-25T19:03:28+00:00\" \/>\n<meta property=\"og:image\" content=\"https:\/\/szepsegesszenciakozmetika.hu\/wp-content\/uploads\/2023\/06\/2022_02_24_biodroga_5005.jpg\" \/>\n\t<meta property=\"og:image:width\" content=\"2560\" \/>\n\t<meta property=\"og:image:height\" content=\"1707\" \/>\n<meta name=\"twitter:card\" content=\"summary_large_image\" \/>\n<meta name=\"twitter:label1\" content=\"Written by\" \/>\n\t<meta name=\"twitter:data1\" content=\"Sz\u00e9ps\u00e9gEsszencia Kozmetika\" \/>\n\t<meta name=\"twitter:label2\" content=\"Est. reading time\" \/>\n\t<meta name=\"twitter:data2\" content=\"1 minute\" \/>\n<script type=\"application\/ld+json\" class=\"yoast-schema-graph\">{\"@context\":\"https:\/\/schema.org\",\"@graph\":[{\"@type\":\"WebSite\",\"@id\":\"https:\/\/szepsegesszenciakozmetika.hu\/#website\",\"url\":\"https:\/\/szepsegesszenciakozmetika.hu\/\",\"name\":\"Sz\\u00e9ps\\u00e9gEsszencia Kozmetika\",\"description\":\"Sz\\u00e9ps\\u00e9gEsszencia Kozmetika\",\"potentialAction\":[{\"@type\":\"SearchAction\",\"target\":{\"@type\":\"EntryPoint\",\"urlTemplate\":\"https:\/\/szepsegesszenciakozmetika.hu\/?s={search_term_string}\"},\"query-input\":\"required name=search_term_string\"}],\"inLanguage\":\"en-US\"},{\"@type\":\"ImageObject\",\"@id\":\"https:\/\/szepsegesszenciakozmetika.hu\/index.php\/2023\/06\/25\/minden-kozmetikumnak-celja-kell-legyen-szamodra\/#primaryimage\",\"inLanguage\":\"en-US\",\"url\":\"https:\/\/szepsegesszenciakozmetika.hu\/wp-content\/uploads\/2023\/06\/2022_02_24_biodroga_5005.jpg\",\"contentUrl\":\"https:\/\/szepsegesszenciakozmetika.hu\/wp-content\/uploads\/2023\/06\/2022_02_24_biodroga_5005.jpg\",\"width\":2560,\"height\":1707},{\"@type\":\"WebPage\",\"@id\":\"https:\/\/szepsegesszenciakozmetika.hu\/index.php\/2023\/06\/25\/minden-kozmetikumnak-celja-kell-legyen-szamodra\/#webpage\",\"url\":\"https:\/\/szepsegesszenciakozmetika.hu\/index.php\/2023\/06\/25\/minden-kozmetikumnak-celja-kell-legyen-szamodra\/\",\"name\":\"Minden kozmetikumnak c\\u00e9lja kell legyen sz\\u00e1modra! - Sz\\u00e9ps\\u00e9gEsszencia Kozmetika\",\"isPartOf\":{\"@id\":\"https:\/\/szepsegesszenciakozmetika.hu\/#website\"},\"primaryImageOfPage\":{\"@id\":\"https:\/\/szepsegesszenciakozmetika.hu\/index.php\/2023\/06\/25\/minden-kozmetikumnak-celja-kell-legyen-szamodra\/#primaryimage\"},\"datePublished\":\"2023-06-25T19:03:28+00:00\",\"dateModified\":\"2023-06-25T19:03:28+00:00\",\"author\":{\"@id\":\"https:\/\/szepsegesszenciakozmetika.hu\/#\/schema\/person\/9fab83c855f79f70af074fd23aee8b61\"},\"breadcrumb\":{\"@id\":\"https:\/\/szepsegesszenciakozmetika.hu\/index.php\/2023\/06\/25\/minden-kozmetikumnak-celja-kell-legyen-szamodra\/#breadcrumb\"},\"inLanguage\":\"en-US\",\"potentialAction\":[{\"@type\":\"ReadAction\",\"target\":[\"https:\/\/szepsegesszenciakozmetika.hu\/index.php\/2023\/06\/25\/minden-kozmetikumnak-celja-kell-legyen-szamodra\/\"]}]},{\"@type\":\"BreadcrumbList\",\"@id\":\"https:\/\/szepsegesszenciakozmetika.hu\/index.php\/2023\/06\/25\/minden-kozmetikumnak-celja-kell-legyen-szamodra\/#breadcrumb\",\"itemListElement\":[{\"@type\":\"ListItem\",\"position\":1,\"name\":\"Home\",\"item\":\"https:\/\/szepsegesszenciakozmetika.hu\/\"},{\"@type\":\"ListItem\",\"position\":2,\"name\":\"Minden kozmetikumnak c\\u00e9lja kell legyen sz\\u00e1modra!\"}]},{\"@type\":\"Person\",\"@id\":\"https:\/\/szepsegesszenciakozmetika.hu\/#\/schema\/person\/9fab83c855f79f70af074fd23aee8b61\",\"name\":\"Sz\\u00e9ps\\u00e9gEsszencia Kozmetika\",\"image\":{\"@type\":\"ImageObject\",\"@id\":\"https:\/\/szepsegesszenciakozmetika.hu\/#personlogo\",\"inLanguage\":\"en-US\",\"url\":\"https:\/\/secure.gravatar.com\/avatar\/b6fb204631f38a2b370b28bc02ac2601d34a21c771512dd83e95649ff65440f5?s=96&d=mm&r=g\",\"contentUrl\":\"https:\/\/secure.gravatar.com\/avatar\/b6fb204631f38a2b370b28bc02ac2601d34a21c771512dd83e95649ff65440f5?s=96&d=mm&r=g\",\"caption\":\"Sz\\u00e9ps\\u00e9gEsszencia Kozmetika\"},\"sameAs\":[\"https:\/\/szepsegesszenciakozmetika.hu\"],\"url\":\"https:\/\/szepsegesszenciakozmetika.hu\/index.php\/author\/harmoniakozmetika-hu\/\"}]}<\/script>\n<!-- \/ Yoast SEO plugin. -->","yoast_head_json":{"title":"Minden kozmetikumnak c\u00e9lja kell legyen sz\u00e1modra! - Sz\u00e9ps\u00e9gEsszencia Kozmetika","robots":{"index":"index","follow":"follow","max-snippet":"max-snippet:-1","max-image-preview":"max-image-preview:large","max-video-preview":"max-video-preview:-1"},"canonical":"https:\/\/szepsegesszenciakozmetika.hu\/index.php\/2023\/06\/25\/minden-kozmetikumnak-celja-kell-legyen-szamodra\/","og_locale":"en_US","og_type":"article","og_title":"Minden kozmetikumnak c\u00e9lja kell legyen sz\u00e1modra! - Sz\u00e9ps\u00e9gEsszencia Kozmetika","og_description":"Nem az a l\u00e9nyeg, hogy sok term\u00e9ket haszn\u00e1ljunk, vagy mi is haszn\u00e1ljunk savakat, mert az most divatos. Az a l\u00e9nyeg, hogy mindenki megtal\u00e1lja azt a 3-4-5 kozmetikumot, ami neki val\u00f3, ami az \u0151 b\u0151r\u00e1pol\u00e1si c\u00e9ljait szolg\u00e1lja \u00e9s amit \u00f6r\u00f6mmel haszn\u00e1l, amivel kapcsolatban azt \u00e9rzi, hogy \u201eim\u00e1dom\u201d \ud83d\ude0d Im\u00e1dom, mert j\u00f3 \u00e9rz\u00e9s haszn\u00e1lni \u00e9s mert hozza [&hellip;]","og_url":"https:\/\/szepsegesszenciakozmetika.hu\/index.php\/2023\/06\/25\/minden-kozmetikumnak-celja-kell-legyen-szamodra\/","og_site_name":"Sz\u00e9ps\u00e9gEsszencia Kozmetika","article_published_time":"2023-06-25T19:03:28+00:00","og_image":[{"width":2560,"height":1707,"filesize":979679,"url":"https:\/\/szepsegesszenciakozmetika.hu\/wp-content\/uploads\/2023\/06\/2022_02_24_biodroga_5005.jpg","path":"\/var\/www\/web\/clients\/client57\/web280\/web\/wp-content\/uploads\/2023\/06\/2022_02_24_biodroga_5005.jpg","size":"full","id":1186,"alt":"","pixels":4369920,"type":"image\/jpeg"}],"twitter_card":"summary_large_image","twitter_misc":{"Written by":"Sz\u00e9ps\u00e9gEsszencia Kozmetika","Est. reading time":"1 minute"},"schema":{"@context":"https:\/\/schema.org","@graph":[{"@type":"WebSite","@id":"https:\/\/szepsegesszenciakozmetika.hu\/#website","url":"https:\/\/szepsegesszenciakozmetika.hu\/","name":"Sz\u00e9ps\u00e9gEsszencia Kozmetika","description":"Sz\u00e9ps\u00e9gEsszencia Kozmetika","potentialAction":[{"@type":"SearchAction","target":{"@type":"EntryPoint","urlTemplate":"https:\/\/szepsegesszenciakozmetika.hu\/?s={search_term_string}"},"query-input":"required name=search_term_string"}],"inLanguage":"en-US"},{"@type":"ImageObject","@id":"https:\/\/szepsegesszenciakozmetika.hu\/index.php\/2023\/06\/25\/minden-kozmetikumnak-celja-kell-legyen-szamodra\/#primaryimage","inLanguage":"en-US","url":"https:\/\/szepsegesszenciakozmetika.hu\/wp-content\/uploads\/2023\/06\/2022_02_24_biodroga_5005.jpg","contentUrl":"https:\/\/szepsegesszenciakozmetika.hu\/wp-content\/uploads\/2023\/06\/2022_02_24_biodroga_5005.jpg","width":2560,"height":1707},{"@type":"WebPage","@id":"https:\/\/szepsegesszenciakozmetika.hu\/index.php\/2023\/06\/25\/minden-kozmetikumnak-celja-kell-legyen-szamodra\/#webpage","url":"https:\/\/szepsegesszenciakozmetika.hu\/index.php\/2023\/06\/25\/minden-kozmetikumnak-celja-kell-legyen-szamodra\/","name":"Minden kozmetikumnak c\u00e9lja kell legyen sz\u00e1modra! - Sz\u00e9ps\u00e9gEsszencia Kozmetika","isPartOf":{"@id":"https:\/\/szepsegesszenciakozmetika.hu\/#website"},"primaryImageOfPage":{"@id":"https:\/\/szepsegesszenciakozmetika.hu\/index.php\/2023\/06\/25\/minden-kozmetikumnak-celja-kell-legyen-szamodra\/#primaryimage"},"datePublished":"2023-06-25T19:03:28+00:00","dateModified":"2023-06-25T19:03:28+00:00","author":{"@id":"https:\/\/szepsegesszenciakozmetika.hu\/#\/schema\/person\/9fab83c855f79f70af074fd23aee8b61"},"breadcrumb":{"@id":"https:\/\/szepsegesszenciakozmetika.hu\/index.php\/2023\/06\/25\/minden-kozmetikumnak-celja-kell-legyen-szamodra\/#breadcrumb"},"inLanguage":"en-US","potentialAction":[{"@type":"ReadAction","target":["https:\/\/szepsegesszenciakozmetika.hu\/index.php\/2023\/06\/25\/minden-kozmetikumnak-celja-kell-legyen-szamodra\/"]}]},{"@type":"BreadcrumbList","@id":"https:\/\/szepsegesszenciakozmetika.hu\/index.php\/2023\/06\/25\/minden-kozmetikumnak-celja-kell-legyen-szamodra\/#breadcrumb","itemListElement":[{"@type":"ListItem","position":1,"name":"Home","item":"https:\/\/szepsegesszenciakozmetika.hu\/"},{"@type":"ListItem","position":2,"name":"Minden kozmetikumnak c\u00e9lja kell legyen sz\u00e1modra!"}]},{"@type":"Person","@id":"https:\/\/szepsegesszenciakozmetika.hu\/#\/schema\/person\/9fab83c855f79f70af074fd23aee8b61","name":"Sz\u00e9ps\u00e9gEsszencia Kozmetika","image":{"@type":"ImageObject","@id":"https:\/\/szepsegesszenciakozmetika.hu\/#personlogo","inLanguage":"en-US","url":"https:\/\/secure.gravatar.com\/avatar\/b6fb204631f38a2b370b28bc02ac2601d34a21c771512dd83e95649ff65440f5?s=96&d=mm&r=g","contentUrl":"https:\/\/secure.gravatar.com\/avatar\/b6fb204631f38a2b370b28bc02ac2601d34a21c771512dd83e95649ff65440f5?s=96&d=mm&r=g","caption":"Sz\u00e9ps\u00e9gEsszencia Kozmetika"},"sameAs":["https:\/\/szepsegesszenciakozmetika.hu"],"url":"https:\/\/szepsegesszenciakozmetika.hu\/index.php\/author\/harmoniakozmetika-hu\/"}]}},"_links":{"self":[{"href":"https:\/\/szepsegesszenciakozmetika.hu\/index.php\/wp-json\/wp\/v2\/posts\/1185","targetHints":{"allow":["GET"]}}],"collection":[{"href":"https:\/\/szepsegesszenciakozmetika.hu\/index.php\/wp-json\/wp\/v2\/posts"}],"about":[{"href":"https:\/\/szepsegesszenciakozmetika.hu\/index.php\/wp-json\/wp\/v2\/types\/post"}],"author":[{"embeddable":true,"href":"https:\/\/szepsegesszenciakozmetika.hu\/index.php\/wp-json\/wp\/v2\/users\/1"}],"replies":[{"embeddable":true,"href":"https:\/\/szepsegesszenciakozmetika.hu\/index.php\/wp-json\/wp\/v2\/comments?post=1185"}],"version-history":[{"count":1,"href":"https:\/\/szepsegesszenciakozmetika.hu\/index.php\/wp-json\/wp\/v2\/posts\/1185\/revisions"}],"predecessor-version":[{"id":1187,"href":"https:\/\/szepsegesszenciakozmetika.hu\/index.php\/wp-json\/wp\/v2\/posts\/1185\/revisions\/1187"}],"wp:featuredmedia":[{"embeddable":true,"href":"https:\/\/szepsegesszenciakozmetika.hu\/index.php\/wp-json\/wp\/v2\/media\/1186"}],"wp:attachment":[{"href":"https:\/\/szepsegesszenciakozmetika.hu\/index.php\/wp-json\/wp\/v2\/media?parent=1185"}],"wp:term":[{"taxonomy":"category","embeddable":true,"href":"https:\/\/szepsegesszenciakozmetika.hu\/index.php\/wp-json\/wp\/v2\/categories?post=1185"},{"taxonomy":"post_tag","embeddable":true,"href":"https:\/\/szepsegesszenciakozmetika.hu\/index.php\/wp-json\/wp\/v2\/tags?post=1185"}],"curies":[{"name":"wp","href":"https:\/\/api.w.org\/{rel}","templated":true}]}}